{"id":10003,"date":"2012-09-19T00:00:00","date_gmt":"2012-09-19T03:00:00","guid":{"rendered":"https:\/\/www.cnbb.org.br\/papa-transfere-bispos-para-as-dioceses-de-mogi-das-cruzes-e-santarem\/"},"modified":"2012-09-19T00:00:00","modified_gmt":"2012-09-19T03:00:00","slug":"papa-transfere-bispos-para-as-dioceses-de-mogi-das-cruzes-e-santarem","status":"publish","type":"post","link":"https:\/\/www.cnbb.org.br\/papa-transfere-bispos-para-as-dioceses-de-mogi-das-cruzes-e-santarem\/","title":{"rendered":"Papa transfere bispos para as dioceses de Mogi das Cruzes e Santar\u00e9m"},"content":{"rendered":"<p style=\"text-align: justify\">O papa Bento XVI transferiu na manh\u00e3 de hoje, 19 de setembro, os bispos de Franca (SP) e Abaetetuba (PA), respectivamente, dom Pedro Luiz Stringhini e dom Fl\u00e1vio Giovenale, para as dioceses vacantes de Mogi das Cruzes (SP) e Santar\u00e9m (PA).<\/p>\n<p><!--more--><\/p>\n<p style=\"text-align: justify\"><img decoding=\"async\" loading=\"lazy\" class=\" alignright size-full wp-image-8845\" style=\"float: right\" src=\"https:\/\/www.cnbb.org.br\/wp-content\/uploads\/2020\/03\/dom_pedro_stringhini_reuniao.jpg\" alt=\"dom_pedro_stringhini_reuniao\" width=\"170\" height=\"167\" \/>Dom Pedro Luiz Stringhini nasceu em 1953, na cidade de Laranjal Paulista (SP). Foi ordenado em 2001, como bispo auxiliar de S\u00e3o Paulo, Regi\u00e3o Bel\u00e9m, onde ficou ate 2009, quando foi nomeado bispo de Franca. Al\u00e9m disso, dom Stringhini foi presidente da Comiss\u00e3o Episcopal Pastoral para o Servi\u00e7o da Caridade, da Justi\u00e7a e da Paz (2007 a 2011). Na diocese de Mogi das Cruzes, dom Pedro Stringhini suceder\u00e1 a dom Jos\u00e9 Airton dos Santos, transferido para a arquidiocese de Campinas (SP), em fevereiro desse ano.<\/p>\n<p style=\"text-align: justify\"><img decoding=\"async\" loading=\"lazy\" class=\" alignleft size-full wp-image-12625\" style=\"float: left\" src=\"https:\/\/www.cnbb.org.br\/wp-content\/uploads\/2020\/03\/Dom_Flvio_Giovenale.jpg\" alt=\"Dom_Flvio_Giovenale\" width=\"162\" height=\"216\" \/>Dom Fl\u00e1vio Giovenale nasceu em 1954, em Murello, It\u00e1lia. Foi ordenado bispo de Abaetetuba em 1997. Foi secret\u00e1rio (1999-2003), vice-presidente (2003-2004) e presidente (2004-2007) do Regional Norte 2 da CNBB. Antes, trabalhou na Pastoral Vocacional no Par\u00e1 entre 1982 e 1983. Foi Reitor do Semin\u00e1rio Menor em Manaus de 1986 a 1989. Foi Reitor do Semin\u00e1rio Maior em Manaus de 1990 a 1991. Foi Ec\u00f4nomo da Prov\u00edncia de 1992 a 1997. Tamb\u00e9m foi Procurador Mission\u00e1rio para o Brasil de 1994 a 1997. Dom Fl\u00e1vio suceder\u00e1, na diocese de Santar\u00e9m, dom Esmeraldo Farias Barreto, transferido em dezembro de 2011 para a arquidiocese de Porto Velho (RO).<\/p>\n","protected":false},"excerpt":{"rendered":"<p>O papa Bento XVI transferiu na manh\u00e3 de hoje, 19 de setembro, os bispos de Franca (SP) e Abaetetuba (PA), respectivamente, dom Pedro Luiz Stringhini e dom Fl\u00e1vio Giovenale, para as dioceses vacantes de Mogi das Cruzes (SP) e Santar\u00e9m (PA).<\/p>\n","protected":false},"author":83,"featured_media":10004,"comment_status":"open","ping_status":"open","sticky":false,"template":"","format":"standard","meta":{"site-sidebar-layout":"default","site-content-layout":"default","ast-global-header-display":"","ast-banner-title-visibility":"","ast-main-header-display":"","ast-hfb-above-header-display":"","ast-hfb-below-header-display":"","ast-hfb-mobile-header-display":"","site-post-title":"","ast-breadcrumbs-content":"","ast-featured-img":"","footer-sml-layout":"","theme-transparent-header-meta":"","adv-header-id-meta":"","stick-header-meta":"","header-above-stick-meta":"","header-main-stick-meta":"","header-below-stick-meta":""},"categories":[798],"tags":[],"acf":[],"_links":{"self":[{"href":"https:\/\/www.cnbb.org.br\/cnbb-app\/wp\/v2\/posts\/10003"}],"collection":[{"href":"https:\/\/www.cnbb.org.br\/cnbb-app\/wp\/v2\/posts"}],"about":[{"href":"https:\/\/www.cnbb.org.br\/cnbb-app\/wp\/v2\/types\/post"}],"author":[{"embeddable":true,"href":"https:\/\/www.cnbb.org.br\/cnbb-app\/wp\/v2\/users\/83"}],"replies":[{"embeddable":true,"href":"https:\/\/www.cnbb.org.br\/cnbb-app\/wp\/v2\/comments?post=10003"}],"version-history":[{"count":0,"href":"https:\/\/www.cnbb.org.br\/cnbb-app\/wp\/v2\/posts\/10003\/revisions"}],"wp:featuredmedia":[{"embeddable":true,"href":"https:\/\/www.cnbb.org.br\/cnbb-app\/wp\/v2\/media\/10004"}],"wp:attachment":[{"href":"https:\/\/www.cnbb.org.br\/cnbb-app\/wp\/v2\/media?parent=10003"}],"wp:term":[{"taxonomy":"category","embeddable":true,"href":"https:\/\/www.cnbb.org.br\/cnbb-app\/wp\/v2\/categories?post=10003"},{"taxonomy":"post_tag","embeddable":true,"href":"https:\/\/www.cnbb.org.br\/cnbb-app\/wp\/v2\/tags?post=10003"}],"curies":[{"name":"wp","href":"https:\/\/api.w.org\/{rel}","templated":true}]}}