{"id":10013,"date":"2013-06-25T00:00:00","date_gmt":"2013-06-25T03:00:00","guid":{"rendered":"https:\/\/www.cnbb.org.br\/dom-moacir-silva-e-empossado-arcebispo-de-ribeirao-preto\/"},"modified":"2013-06-25T00:00:00","modified_gmt":"2013-06-25T03:00:00","slug":"dom-moacir-silva-e-empossado-arcebispo-de-ribeirao-preto","status":"publish","type":"post","link":"https:\/\/www.cnbb.org.br\/dom-moacir-silva-e-empossado-arcebispo-de-ribeirao-preto\/","title":{"rendered":"Dom Moacir Silva \u00e9 empossado arcebispo de Ribeir\u00e3o Preto"},"content":{"rendered":"<p style=\"text-align: justify\">No dia 23 de junho, dom Moacir Silva tomou posse como bispo da Arquidiocese de Ribeir\u00e3o Preto (SP), em missa na Catedral Metropolitana de S\u00e3o Sebasti\u00e3o. Mais de 3 mil fi\u00e9is participaram da celebra\u00e7\u00e3o eucar\u00edstica, muitos acompanharam de fora da igreja por um tel\u00e3o. A missa contou com a presen\u00e7a do cardeal arcebispo de S\u00e3o Paulo, dom Odilo Pedro Scherer, do cardeal arcebispo em\u00e9rito do Rio de Janeiro, dom Eus\u00e9bio Scheid, bispos e administradores diocesanos das dioceses da Prov\u00edncia Eclesi\u00e1stica de Ribeir\u00e3o Preto.<\/p>\n<p><!--more--><\/p>\n<p style=\"text-align: justify\">\u201cCom esta celebra\u00e7\u00e3o eucar\u00edstica estou iniciando meu minist\u00e9rio pastoral nesta Igreja Particular de Ribeir\u00e3o Preto. Venho com alegria, pois tenho certeza de que esta \u00e9 a vontade de Deus para mim neste momento de minha vida. Venho com a disposi\u00e7\u00e3o de doa\u00e7\u00e3o total de mim mesmo a esta miss\u00e3o. Eu n\u00e3o me perten\u00e7o. Assumo esta miss\u00e3o, firmado na gra\u00e7a de Deus que jamais falta. Rezem por mim para que eu n\u00e3o atrapalhe a a\u00e7\u00e3o de Deus\u201d, disse dom Moacir Silva, na homilia.<\/p>\n","protected":false},"excerpt":{"rendered":"<p>No dia 23 de junho, dom Moacir Silva tomou posse como bispo da Arquidiocese de Ribeir\u00e3o Preto (SP), em missa na Catedral Metropolitana de S\u00e3o Sebasti\u00e3o. Mais de 3 mil fi\u00e9is participaram da celebra\u00e7\u00e3o eucar\u00edstica, muitos acompanharam de fora da igreja por um tel\u00e3o. A missa contou com a presen\u00e7a do cardeal arcebispo de S\u00e3o &hellip;<\/p>\n<p class=\"read-more\"> <a class=\"\" href=\"https:\/\/www.cnbb.org.br\/dom-moacir-silva-e-empossado-arcebispo-de-ribeirao-preto\/\"> <span class=\"screen-reader-text\">Dom Moacir Silva \u00e9 empossado arcebispo de Ribeir\u00e3o Preto<\/span> Leia mais &raquo;<\/a><\/p>\n","protected":false},"author":83,"featured_media":10014,"comment_status":"open","ping_status":"open","sticky":false,"template":"","format":"standard","meta":{"site-sidebar-layout":"default","site-content-layout":"default","ast-global-header-display":"","ast-banner-title-visibility":"","ast-main-header-display":"","ast-hfb-above-header-display":"","ast-hfb-below-header-display":"","ast-hfb-mobile-header-display":"","site-post-title":"","ast-breadcrumbs-content":"","ast-featured-img":"","footer-sml-layout":"","theme-transparent-header-meta":"","adv-header-id-meta":"","stick-header-meta":"","header-above-stick-meta":"","header-main-stick-meta":"","header-below-stick-meta":""},"categories":[798],"tags":[],"acf":[],"_links":{"self":[{"href":"https:\/\/www.cnbb.org.br\/cnbb-app\/wp\/v2\/posts\/10013"}],"collection":[{"href":"https:\/\/www.cnbb.org.br\/cnbb-app\/wp\/v2\/posts"}],"about":[{"href":"https:\/\/www.cnbb.org.br\/cnbb-app\/wp\/v2\/types\/post"}],"author":[{"embeddable":true,"href":"https:\/\/www.cnbb.org.br\/cnbb-app\/wp\/v2\/users\/83"}],"replies":[{"embeddable":true,"href":"https:\/\/www.cnbb.org.br\/cnbb-app\/wp\/v2\/comments?post=10013"}],"version-history":[{"count":0,"href":"https:\/\/www.cnbb.org.br\/cnbb-app\/wp\/v2\/posts\/10013\/revisions"}],"wp:featuredmedia":[{"embeddable":true,"href":"https:\/\/www.cnbb.org.br\/cnbb-app\/wp\/v2\/media\/10014"}],"wp:attachment":[{"href":"https:\/\/www.cnbb.org.br\/cnbb-app\/wp\/v2\/media?parent=10013"}],"wp:term":[{"taxonomy":"category","embeddable":true,"href":"https:\/\/www.cnbb.org.br\/cnbb-app\/wp\/v2\/categories?post=10013"},{"taxonomy":"post_tag","embeddable":true,"href":"https:\/\/www.cnbb.org.br\/cnbb-app\/wp\/v2\/tags?post=10013"}],"curies":[{"name":"wp","href":"https:\/\/api.w.org\/{rel}","templated":true}]}}