{"id":10015,"date":"2013-07-17T00:00:00","date_gmt":"2013-07-17T03:00:00","guid":{"rendered":"https:\/\/www.cnbb.org.br\/papa-francisco-aceita-a-renuncia-de-dom-mario-pasqualotto\/"},"modified":"2013-07-17T00:00:00","modified_gmt":"2013-07-17T03:00:00","slug":"papa-francisco-aceita-a-renuncia-de-dom-mario-pasqualotto","status":"publish","type":"post","link":"https:\/\/www.cnbb.org.br\/papa-francisco-aceita-a-renuncia-de-dom-mario-pasqualotto\/","title":{"rendered":"Papa Francisco aceita a ren\u00fancia de Dom M\u00e1rio Pasqualotto"},"content":{"rendered":"<p style=\"text-align: justify\">Foi comunicado na manh\u00e3 desta quarta feira (17\/07) no Boletim de Imprensa da Santa S\u00e9, que o Papa Francisco acolheu o pedido de ren\u00fancia de dom M\u00e1rio Pasqualotto do of\u00edcio de Bispo Auxiliar da Arquidiocese de Manaus, de acordo com os c\u00e2nones 411 e 401 (Par\u00e1grafo 1o) do C\u00f3digo do Direito Can\u00f4nico.<\/p>\n<p><!--more--><\/p>\n<p style=\"text-align: justify\">No \u00faltimo dia 25 de junho, centenas de fi\u00e9is lotaram a Catedral de Manaus para celebrar os 75 anos de dom M\u00e1rio, idade em que o bispo deve apresentar a sua ren\u00fancia. Na fun\u00e7\u00e3o desde 1999, logo ao iniciar seu minist\u00e9rio episcopal, deu particular aten\u00e7\u00e3o \u00e0s periferias da cidade de Manaus, em um momento singular de explos\u00e3o demogr\u00e1fica da capital; com um particular carisma junto ao clero tornou-se uma presen\u00e7a nas quest\u00f5es que diziam respeito \u00e0 vida dos presb\u00edteros. Nos \u00faltimos anos, o bispo exerceu profunda dedica\u00e7\u00e3o \u00e0 Fazenda Esperan\u00e7a, trabalho do qual tornou-se uma refer\u00eancia em todo Regional.<\/p>\n<p>Dom M\u00e1rio Pasqualotto tamb\u00e9m foi presidente do Regional Norte I da CNBB (2006-2010). Ainda \u00e0 servi\u00e7o do Regional, atualmente exercia as fun\u00e7\u00f5es de bispo referencial para a Anima\u00e7\u00e3o Lit\u00fargica, Presb\u00edteros e Pastoral Vocacional.<\/p>\n","protected":false},"excerpt":{"rendered":"<p>Foi comunicado na manh\u00e3 desta quarta feira (17\/07) no Boletim de Imprensa da Santa S\u00e9, que o Papa Francisco acolheu o pedido de ren\u00fancia de dom M\u00e1rio Pasqualotto do of\u00edcio de Bispo Auxiliar da Arquidiocese de Manaus, de acordo com os c\u00e2nones 411 e 401 (Par\u00e1grafo 1o) do C\u00f3digo do Direito Can\u00f4nico.<\/p>\n","protected":false},"author":83,"featured_media":10016,"comment_status":"open","ping_status":"open","sticky":false,"template":"","format":"standard","meta":{"site-sidebar-layout":"default","site-content-layout":"default","ast-global-header-display":"","ast-banner-title-visibility":"","ast-main-header-display":"","ast-hfb-above-header-display":"","ast-hfb-below-header-display":"","ast-hfb-mobile-header-display":"","site-post-title":"","ast-breadcrumbs-content":"","ast-featured-img":"","footer-sml-layout":"","theme-transparent-header-meta":"","adv-header-id-meta":"","stick-header-meta":"","header-above-stick-meta":"","header-main-stick-meta":"","header-below-stick-meta":""},"categories":[798],"tags":[],"acf":[],"_links":{"self":[{"href":"https:\/\/www.cnbb.org.br\/cnbb-app\/wp\/v2\/posts\/10015"}],"collection":[{"href":"https:\/\/www.cnbb.org.br\/cnbb-app\/wp\/v2\/posts"}],"about":[{"href":"https:\/\/www.cnbb.org.br\/cnbb-app\/wp\/v2\/types\/post"}],"author":[{"embeddable":true,"href":"https:\/\/www.cnbb.org.br\/cnbb-app\/wp\/v2\/users\/83"}],"replies":[{"embeddable":true,"href":"https:\/\/www.cnbb.org.br\/cnbb-app\/wp\/v2\/comments?post=10015"}],"version-history":[{"count":0,"href":"https:\/\/www.cnbb.org.br\/cnbb-app\/wp\/v2\/posts\/10015\/revisions"}],"wp:featuredmedia":[{"embeddable":true,"href":"https:\/\/www.cnbb.org.br\/cnbb-app\/wp\/v2\/media\/10016"}],"wp:attachment":[{"href":"https:\/\/www.cnbb.org.br\/cnbb-app\/wp\/v2\/media?parent=10015"}],"wp:term":[{"taxonomy":"category","embeddable":true,"href":"https:\/\/www.cnbb.org.br\/cnbb-app\/wp\/v2\/categories?post=10015"},{"taxonomy":"post_tag","embeddable":true,"href":"https:\/\/www.cnbb.org.br\/cnbb-app\/wp\/v2\/tags?post=10015"}],"curies":[{"name":"wp","href":"https:\/\/api.w.org\/{rel}","templated":true}]}}