{"id":10031,"date":"2014-06-25T00:00:00","date_gmt":"2014-06-25T03:00:00","guid":{"rendered":"https:\/\/www.cnbb.org.br\/papa-reestrutura-provincia-eclesiastica-de-cuiaba-mt-e-cria-diocese-de-primavera-do-leste-paranatinga\/"},"modified":"2014-06-25T00:00:00","modified_gmt":"2014-06-25T03:00:00","slug":"papa-reestrutura-provincia-eclesiastica-de-cuiaba-mt-e-cria-diocese-de-primavera-do-leste-paranatinga","status":"publish","type":"post","link":"https:\/\/www.cnbb.org.br\/papa-reestrutura-provincia-eclesiastica-de-cuiaba-mt-e-cria-diocese-de-primavera-do-leste-paranatinga\/","title":{"rendered":"Papa reestrutura Prov\u00edncia Eclesi\u00e1stica de Cuiab\u00e1 (MT) e cria diocese de Primavera do Leste"},"content":{"rendered":"<p style=\"text-align: justify\"><span style=\"line-height: 1.3em\">Nesta quarta-feira, 25, o papa Francisco aprovou a reestrutura\u00e7\u00e3o da Prov\u00edncia Eclesi\u00e1stica de Cuiab\u00e1 (MT), suprimindo a diocese de Guiratinga, no mesmo estado, dividindo seu territ\u00f3rio entre as tr\u00eas circunscri\u00e7\u00f5es eclesi\u00e1sticas de Rondon\u00f3polis, Barra do Gar\u00e7as e Paranatinga.<\/span><\/p>\n<p><!--more--><\/p>\n<p style=\"text-align: justify\"><span style=\"line-height: 1.3em\">O papa, tamb\u00e9m, erigiu canonicamente a diocese de Primavera do Leste \u2013 Paranatinga, modificando ainda, a denomina\u00e7\u00e3o da diocese de Rondon\u00f3polis para Rondon\u00f3polis \u2013 Guiratinga.<\/span><\/p>\n<p style=\"text-align: justify\"><strong><span style=\"line-height: 1.3em\">Nomea\u00e7\u00e3o<\/span><\/strong><\/p>\n<p style=\"text-align: justify\"><span style=\"line-height: 1.3em\">Na ocasi\u00e3o, o papa Francisco nomeou dom Derek John Christopher Byrne, bispo da nova diocese de Primavera do Leste \u2013 Paranatinga, transferindo-o da ent\u00e3o diocese de Guiratinga. A nova circunscri\u00e7\u00e3o eclesi\u00e1stica de Primavera do Leste \u2013 Paranatinga \u00e9 composta por 12 munic\u00edpios, sendo eles Campin\u00e1polis, Campo Verde, Chapada dos Guimar\u00e3es, Ga\u00facha do Norte, Jarudor\u00e9, Nova Brasil\u00e2ndia, Novo S\u00e3o Joaquim, Paranatinga, Planalto da Serra, Poxor\u00e9u, Primavera do Leste e Santo Ant\u00f4nio do Leste.<\/span><\/p>\n<p style=\"text-align: justify\"><span style=\"line-height: 1.3em\">Dom Derek John \u00e9 natural de Dublin (Irlanda), nascido em 1948. \u00c9 membro da Sociedade de S\u00e3o Patr\u00edcio para as Miss\u00f5es Estrangeiras (SPS), onde professou votos religiosos em 1\u00ba de outubro de 1969. Foi nomeado bispo pelo papa em\u00e9rito Bento XVI em 24 de dezembro de 2008, sendo ordenado em 22 de mar\u00e7o de 2009. Escolheu como lema episcopal \u201cAlegrai-vos no Senhor\u201d. Estava como bispo da diocese de Guiratinga desde 2009.<\/span><\/p>\n<p style=\"text-align: justify\">\n<p>&nbsp;<\/p>\n","protected":false},"excerpt":{"rendered":"<p>Nesta quarta-feira, 25, o papa Francisco aprovou a reestrutura\u00e7\u00e3o da Prov\u00edncia Eclesi\u00e1stica de Cuiab\u00e1 (MT), suprimindo a diocese de Guiratinga, no mesmo estado, dividindo seu territ\u00f3rio entre as tr\u00eas circunscri\u00e7\u00f5es eclesi\u00e1sticas de Rondon\u00f3polis, Barra do Gar\u00e7as e Paranatinga.<\/p>\n","protected":false},"author":83,"featured_media":10032,"comment_status":"open","ping_status":"open","sticky":false,"template":"","format":"standard","meta":{"site-sidebar-layout":"default","site-content-layout":"default","ast-global-header-display":"","ast-banner-title-visibility":"","ast-main-header-display":"","ast-hfb-above-header-display":"","ast-hfb-below-header-display":"","ast-hfb-mobile-header-display":"","site-post-title":"","ast-breadcrumbs-content":"","ast-featured-img":"","footer-sml-layout":"","theme-transparent-header-meta":"","adv-header-id-meta":"","stick-header-meta":"","header-above-stick-meta":"","header-main-stick-meta":"","header-below-stick-meta":""},"categories":[798],"tags":[],"acf":[],"_links":{"self":[{"href":"https:\/\/www.cnbb.org.br\/cnbb-app\/wp\/v2\/posts\/10031"}],"collection":[{"href":"https:\/\/www.cnbb.org.br\/cnbb-app\/wp\/v2\/posts"}],"about":[{"href":"https:\/\/www.cnbb.org.br\/cnbb-app\/wp\/v2\/types\/post"}],"author":[{"embeddable":true,"href":"https:\/\/www.cnbb.org.br\/cnbb-app\/wp\/v2\/users\/83"}],"replies":[{"embeddable":true,"href":"https:\/\/www.cnbb.org.br\/cnbb-app\/wp\/v2\/comments?post=10031"}],"version-history":[{"count":0,"href":"https:\/\/www.cnbb.org.br\/cnbb-app\/wp\/v2\/posts\/10031\/revisions"}],"wp:featuredmedia":[{"embeddable":true,"href":"https:\/\/www.cnbb.org.br\/cnbb-app\/wp\/v2\/media\/10032"}],"wp:attachment":[{"href":"https:\/\/www.cnbb.org.br\/cnbb-app\/wp\/v2\/media?parent=10031"}],"wp:term":[{"taxonomy":"category","embeddable":true,"href":"https:\/\/www.cnbb.org.br\/cnbb-app\/wp\/v2\/categories?post=10031"},{"taxonomy":"post_tag","embeddable":true,"href":"https:\/\/www.cnbb.org.br\/cnbb-app\/wp\/v2\/tags?post=10031"}],"curies":[{"name":"wp","href":"https:\/\/api.w.org\/{rel}","templated":true}]}}