{"id":10047,"date":"2015-02-23T00:00:00","date_gmt":"2015-02-23T03:00:00","guid":{"rendered":"https:\/\/www.cnbb.org.br\/dom-onecimo-alberton-recebe-o-ministerio-episcopal\/"},"modified":"2015-02-23T00:00:00","modified_gmt":"2015-02-23T03:00:00","slug":"dom-onecimo-alberton-recebe-o-ministerio-episcopal","status":"publish","type":"post","link":"https:\/\/www.cnbb.org.br\/dom-onecimo-alberton-recebe-o-ministerio-episcopal\/","title":{"rendered":"Padre On\u00e9cimo Alberton \u00e9 ordenado bispo"},"content":{"rendered":"<p style=\"text-align: justify\">Cerca de 5 mil fi\u00e9is compareceram na tarde do \u00faltimo domingo, 22, \u00e0 cerim\u00f4nia de ordena\u00e7\u00e3o episcopal do padre On\u00e9cimo Alberton, realizada no Sisos Hall, em Crici\u00fama (SC). O sacerdote foi nomeado bispo de Rio do Sul (SC), pelo papa Francisco no dia 17 de dezembro do ano passado.<\/p>\n<p><!--more--><\/p>\n<p style=\"text-align: justify\"><span style=\"font-size: 12.1599998474121px;line-height: 1.3em\">A celebra\u00e7\u00e3o foi presidida pelo bispo da diocese de Tubar\u00e3o (SC), dom Jo\u00e3o Francisco Salm, e concelebrada pelos bispos da diocese de Crici\u00fama (SC), dom Jacinto Inacio Flach; de Montenegro (RS), dom Paulo Antonio de Conto, acompanhados por dez bispos e mais de 150 padres e di\u00e1conos de Santa Catarina e outros estados.<\/span><\/p>\n<p style=\"text-align: justify\">Seguindo o rito de ordena\u00e7\u00e3o, um momento de profundo sil\u00eancio tomou conta de toda a assembleia durante a imposi\u00e7\u00e3o das m\u00e3os dos bispos, antecedida pela prostra\u00e7\u00e3o e a Ladainha de Todos os Santos. Logo ap\u00f3s, o eleito teve a cabe\u00e7a ungida com o \u00f3leo santo e recebeu as ins\u00edgnias: o livro dos Evangelhos, antes depositado em sua cabe\u00e7a, o anel, a mitra e o b\u00e1culo.<\/p>\n<p>Ordenado, a can\u00e7\u00e3o composta pelo padre Ney Brasil, da arquidiocese de Florian\u00f3polis (SC), em homenagem a dom On\u00e9cimo, foi cantada em coro pelo sal\u00e3o.<\/p>\n<p style=\"text-align: justify\"><img decoding=\"async\" loading=\"lazy\" class=\" alignleft size-full wp-image-24915\" style=\"float: left\" src=\"https:\/\/www.cnbb.org.br\/wp-content\/uploads\/2020\/03\/Dom-Oncimo-270x270-1.jpg\" width=\"166\" height=\"166\" border=\"0\" \/>Em sua homilia, dom Jo\u00e3o Salm falou sobre a ordena\u00e7\u00e3o do bispo para Rio do Sul (SC) como um momento especial em meio ao jubileu de 60 anos da diocese de Tubar\u00e3o. \u201cA diocese de Tubar\u00e3o foi criada h\u00e1 60 anos e abrangia a atual diocese de Crici\u00fama que, por isso, est\u00e1 inclu\u00edda na celebra\u00e7\u00e3o jubilar deste ano. A ordena\u00e7\u00e3o episcopal de dom On\u00e9cimo poderia ser um diamante na coroa deste jubileu de 60 anos, coroa que pertence a Tubar\u00e3o e Crici\u00fama. Mas este diamante tamb\u00e9m encontra um lugar todo especial na coroa das bodas de 60 anos de casamento que o senhor Moz\u00e9 e a dona Laura, pais do novo bispo, celebraram no \u00faltimo ano. Algu\u00e9m contou que quando o ent\u00e3o padre On\u00e9cimo informou aos pais que havia sido nomeado bispo de Rio do Sul, o pai lhe teria dito: \u2018Ent\u00e3o tu vais amar a diocese de Rio do Sul como teu pai ama tua m\u00e3e\u2019. Um amor de 60 anos! Veja, portanto, a diocese de Rio do Sul, quanto amor poder\u00e1 esperar de dom On\u00e9cimo\u201d, destacou o bispo ordenante.<\/p>\n<p><strong>Homenagens<\/strong><\/p>\n<p>Ao final da celebra\u00e7\u00e3o, dom On\u00e9cimo acolheu as manifesta\u00e7\u00f5es de gratid\u00e3o da diocese de Crici\u00fama. A coordenadora da Escola de Teologia para Leigos, Maria In\u00eas Conti, foi a primeira a agradecer; seguida pelo padre Vilcionei Baggio, que falou em nome dos sacerdotes; e pelo padre \u00c9der Carminatti, que representou o clero diocesano e a pastoral presbiteral.<\/p>\n<p style=\"text-align: justify\">Por sua vez, dom On\u00e9cimo externou sua gratid\u00e3o aos bispos, padres, religiosos, leigos e par\u00f3quias onde exerceu seu minist\u00e9rio ao longo dos \u00faltimos 22 anos. \u201c\u2018Estou no meio de v\u00f3s como aquele que serve\u2019. Este \u00e9 o meu lema e projeto de vida que assumo com o aux\u00edlio da Trindade Santa, junto ao povo de Deus da diocese de Rio do Sul, com seus dois bispos em\u00e9ritos, suas 31 par\u00f3quias, 487 comunidades, os 51 centros de atendimentos e os 34 munic\u00edpios do alto e parte do m\u00e9dio vale do Itaja\u00ed. Com este lema apresento minha prece: Que Deus me ajude a servir como aquele que serve, n\u00e3o servindo a mim e a meus interesses e vontades. Que ele me ajude, atrav\u00e9s do servi\u00e7o a mim confiado, revelar e construir o seu Reino. Assim seja, am\u00e9m!\u201d.<\/p>\n<p><span style=\"font-size: xx-small\"><em><strong>Com informa\u00e7\u00f5es da diocese de Tubar\u00e3o<\/strong><\/em><\/span><\/p>\n<p>&nbsp;<\/p>\n","protected":false},"excerpt":{"rendered":"<p>Cerca de 5 mil fi\u00e9is compareceram na tarde do \u00faltimo domingo, 22, \u00e0 cerim\u00f4nia de ordena\u00e7\u00e3o episcopal do padre On\u00e9cimo Alberton, realizada no Sisos Hall, em Crici\u00fama (SC). O sacerdote foi nomeado bispo de Rio do Sul (SC), pelo papa Francisco no dia 17 de dezembro do ano passado.<\/p>\n","protected":false},"author":83,"featured_media":10048,"comment_status":"open","ping_status":"open","sticky":false,"template":"","format":"standard","meta":{"site-sidebar-layout":"default","site-content-layout":"default","ast-global-header-display":"","ast-banner-title-visibility":"","ast-main-header-display":"","ast-hfb-above-header-display":"","ast-hfb-below-header-display":"","ast-hfb-mobile-header-display":"","site-post-title":"","ast-breadcrumbs-content":"","ast-featured-img":"","footer-sml-layout":"","theme-transparent-header-meta":"","adv-header-id-meta":"","stick-header-meta":"","header-above-stick-meta":"","header-main-stick-meta":"","header-below-stick-meta":""},"categories":[798],"tags":[],"acf":[],"_links":{"self":[{"href":"https:\/\/www.cnbb.org.br\/cnbb-app\/wp\/v2\/posts\/10047"}],"collection":[{"href":"https:\/\/www.cnbb.org.br\/cnbb-app\/wp\/v2\/posts"}],"about":[{"href":"https:\/\/www.cnbb.org.br\/cnbb-app\/wp\/v2\/types\/post"}],"author":[{"embeddable":true,"href":"https:\/\/www.cnbb.org.br\/cnbb-app\/wp\/v2\/users\/83"}],"replies":[{"embeddable":true,"href":"https:\/\/www.cnbb.org.br\/cnbb-app\/wp\/v2\/comments?post=10047"}],"version-history":[{"count":0,"href":"https:\/\/www.cnbb.org.br\/cnbb-app\/wp\/v2\/posts\/10047\/revisions"}],"wp:featuredmedia":[{"embeddable":true,"href":"https:\/\/www.cnbb.org.br\/cnbb-app\/wp\/v2\/media\/10048"}],"wp:attachment":[{"href":"https:\/\/www.cnbb.org.br\/cnbb-app\/wp\/v2\/media?parent=10047"}],"wp:term":[{"taxonomy":"category","embeddable":true,"href":"https:\/\/www.cnbb.org.br\/cnbb-app\/wp\/v2\/categories?post=10047"},{"taxonomy":"post_tag","embeddable":true,"href":"https:\/\/www.cnbb.org.br\/cnbb-app\/wp\/v2\/tags?post=10047"}],"curies":[{"name":"wp","href":"https:\/\/api.w.org\/{rel}","templated":true}]}}