{"id":10054,"date":"2015-06-10T00:00:00","date_gmt":"2015-06-10T03:00:00","guid":{"rendered":"https:\/\/www.cnbb.org.br\/papa-francisco-acolhe-renuncia-de-dom-joao-nilton\/"},"modified":"2015-06-10T00:00:00","modified_gmt":"2015-06-10T03:00:00","slug":"papa-francisco-acolhe-renuncia-de-dom-joao-nilton","status":"publish","type":"post","link":"https:\/\/www.cnbb.org.br\/papa-francisco-acolhe-renuncia-de-dom-joao-nilton\/","title":{"rendered":"Papa Francisco acolhe ren\u00fancia de dom Jo\u00e3o Nilton"},"content":{"rendered":"<p style=\"text-align: justify\">A Nunciatura Apost\u00f3lica no Brasil comunicou na manh\u00e3 de hoje, 10 de junho, que o papa Francisco acolheu o pedido de ren\u00fancia apresentado pelo bispo da diocese de Amargosa (BA), dom Jo\u00e3o Nilton dos Santos Souza, de acordo com o c\u00e2non 401 do C\u00f3digo de Direito Can\u00f4nico.<\/p>\n<p><!--more--><\/p>\n<p style=\"text-align: justify\"><span style=\"font-size: 12.1599998474121px;line-height: 1.3em\">Dom Jos\u00e9 Nilton \u00e9 natural de Amargosa. Nasceu em 2 de setembro de 1943. \u00c9 filho de Ab\u00edlio Vitorino de Souza e Juvelina dos Santos Souza. Cursou Filosofia no Semin\u00e1rio Central de Salvador (BA) e Teologia, na Universidade Cat\u00f3lica de Salvador. Foi ordenado presb\u00edtero em 20 de dezembro de 1969 e bispo em 9 de novembro de 1986. Seu lema \u00e9 \u201cFa\u00e7a-se a tua vontade\u201d.<\/span><\/p>\n<h3>Miss\u00e3o na Bahia<\/h3>\n<p style=\"text-align: justify\">Dom Jo\u00e3o Nilton foi bispo de Amargosa por 27 anos, sendo o terceiro bispo diocesano da hist\u00f3ria da Igreja local. Antes de ser nomeado bispo, dom Jo\u00e3o atuou como p\u00e1roco da par\u00f3quia de Nossa Senhora do Bom Conselho, reitor do Santu\u00e1rio Menor, vig\u00e1rio geral da diocese de Amargosa e coordenador do Movimento de Educa\u00e7\u00e3o de Base. Tamb\u00e9m exerceu a fun\u00e7\u00e3o de professor e membro do Col\u00e9gio de Consultores e do Conselho Presbiteral em Amargosa (BA).<\/p>\n<p style=\"text-align: justify\">Em sua trajet\u00f3ria episcopal, foi bispo coadjutor de Bom Jesus da Lapa (BA) de 1986 a 1988; e membro do Conselho Diretor Nacional do Movimento de Educa\u00e7\u00e3o de Base (MEB).<\/p>\n","protected":false},"excerpt":{"rendered":"<p>A Nunciatura Apost\u00f3lica no Brasil comunicou na manh\u00e3 de hoje, 10 de junho, que o papa Francisco acolheu o pedido de ren\u00fancia apresentado pelo bispo da diocese de Amargosa (BA), dom Jo\u00e3o Nilton dos Santos Souza, de acordo com o c\u00e2non 401 do C\u00f3digo de Direito Can\u00f4nico.<\/p>\n","protected":false},"author":83,"featured_media":10055,"comment_status":"open","ping_status":"open","sticky":false,"template":"","format":"standard","meta":{"site-sidebar-layout":"default","site-content-layout":"default","ast-global-header-display":"","ast-banner-title-visibility":"","ast-main-header-display":"","ast-hfb-above-header-display":"","ast-hfb-below-header-display":"","ast-hfb-mobile-header-display":"","site-post-title":"","ast-breadcrumbs-content":"","ast-featured-img":"","footer-sml-layout":"","theme-transparent-header-meta":"","adv-header-id-meta":"","stick-header-meta":"","header-above-stick-meta":"","header-main-stick-meta":"","header-below-stick-meta":""},"categories":[798],"tags":[],"acf":[],"_links":{"self":[{"href":"https:\/\/www.cnbb.org.br\/cnbb-app\/wp\/v2\/posts\/10054"}],"collection":[{"href":"https:\/\/www.cnbb.org.br\/cnbb-app\/wp\/v2\/posts"}],"about":[{"href":"https:\/\/www.cnbb.org.br\/cnbb-app\/wp\/v2\/types\/post"}],"author":[{"embeddable":true,"href":"https:\/\/www.cnbb.org.br\/cnbb-app\/wp\/v2\/users\/83"}],"replies":[{"embeddable":true,"href":"https:\/\/www.cnbb.org.br\/cnbb-app\/wp\/v2\/comments?post=10054"}],"version-history":[{"count":0,"href":"https:\/\/www.cnbb.org.br\/cnbb-app\/wp\/v2\/posts\/10054\/revisions"}],"wp:featuredmedia":[{"embeddable":true,"href":"https:\/\/www.cnbb.org.br\/cnbb-app\/wp\/v2\/media\/10055"}],"wp:attachment":[{"href":"https:\/\/www.cnbb.org.br\/cnbb-app\/wp\/v2\/media?parent=10054"}],"wp:term":[{"taxonomy":"category","embeddable":true,"href":"https:\/\/www.cnbb.org.br\/cnbb-app\/wp\/v2\/categories?post=10054"},{"taxonomy":"post_tag","embeddable":true,"href":"https:\/\/www.cnbb.org.br\/cnbb-app\/wp\/v2\/tags?post=10054"}],"curies":[{"name":"wp","href":"https:\/\/api.w.org\/{rel}","templated":true}]}}