{"id":10068,"date":"2015-10-01T00:00:00","date_gmt":"2015-10-01T03:00:00","guid":{"rendered":"https:\/\/www.cnbb.org.br\/cnbb-agradece-pela-vida-episcopal-de-dom-irineu-danelon\/"},"modified":"2015-10-01T00:00:00","modified_gmt":"2015-10-01T03:00:00","slug":"cnbb-agradece-pela-vida-episcopal-de-dom-irineu-danelon","status":"publish","type":"post","link":"https:\/\/www.cnbb.org.br\/cnbb-agradece-pela-vida-episcopal-de-dom-irineu-danelon\/","title":{"rendered":"CNBB agradece pela vida episcopal de dom Irineu Danelon\u00a0"},"content":{"rendered":"<p style=\"text-align: justify\"><span style=\"font-size: 12.16px;line-height: 15.808px\">O\u00a0papa Francisco em acolheu o pedido de ren\u00fancia apresentado pelo bispo<\/span><\/p>\n<p><!--more--><\/p>\n<p>&nbsp;<\/p>\n<p style=\"text-align: justify\">A Confer\u00eancia Nacional dos Bispos do Brasil (CNBB) divulga mensagem de agradecimento a dom Irineu Danelon, SDB, que esteve \u00e0 frente do governo pastoral da diocese de Lins (SP) ao longo de 27 anos. Contribuiu, ainda, para a cria\u00e7\u00e3o e desenvolvimento da Pastoral da Sobriedade. Na manh\u00e3 de ontem, 30 de setembro, o papa Francisco acolheu o pedido de ren\u00fancia apresentado pelo bispo.<\/p>\n<p style=\"text-align: justify\">Na mensagem assinada pelo bispo auxiliar de Bras\u00edlia e secret\u00e1rio geral da CNBB, dom Leonardo Steiner, a CNBB \u201clouva ao Pai pela vida e voca\u00e7\u00e3o de Dom Irineu e manifesta o mais sincero agradecimento pelo bem por ele realizado ao povo a ele confiado\u201d.<\/p>\n<p>Leia, abaixo, a \u00edntegra da mensagem:<\/p>\n<p style=\"text-align: center\"><strong>Agradecimento a Dom Irineu Danelon\u00a0<\/strong><\/p>\n<p style=\"text-align: justify\">A Confer\u00eancia Nacional dos Bispos do Brasil \u2013 CNBB tomou conhecimento, na manh\u00e3 de hoje, 30 de setembro, da decis\u00e3o do Papa Francisco em acolher o pedido de ren\u00fancia apresentado pelo bispo da Diocese de Lins (SP), Dom Irineu Danelon, SDB, de acordo com o c\u00e2non 401\u00a71\u00ba do C\u00f3digo de Direito Can\u00f4nico.<\/p>\n<p style=\"text-align: justify\">Dom Irineu \u00e9 natural de Piracicaba (SP). Foi nomeado bispo em 02 de dezembro de 1987. No dia 16 de setembro passado completou 48 anos de ordena\u00e7\u00e3o presbiteral.<\/p>\n<p style=\"text-align: justify\">Inspirado pelo lema \u201cA caridade jamais passar\u00e1\u201d, Dom Irineu esteve \u00e0 frente do governo pastoral da diocese de Lins ao longo desses 27 anos. Contribuiu decisivamente para a cria\u00e7\u00e3o e desenvolvimento da Pastoral da Sobriedade.<\/p>\n<p style=\"text-align: justify\">\u00a0A CNBB louva ao Pai pela vida e voca\u00e7\u00e3o de Dom Irineu e manifesta o mais sincero agradecimento pelo bem por ele realizado ao povo a ele confiado.<\/p>\n<p style=\"text-align: justify\">Deus lhe conceda a gra\u00e7a da sa\u00fade e da paz!<\/p>\n<p style=\"text-align: justify\">A Virgem Maria o proteja com carinho maternal!<\/p>\n<p>Com preces,<\/p>\n<p style=\"text-align: center\"><strong>Dom Leonardo Ulrich Steiner<\/strong><\/p>\n<p style=\"text-align: center\">Bispo Auxiliar de Bras\u00edlia &#8211; DF<\/p>\n<p style=\"text-align: center\">Secret\u00e1rio-Geral da CNBB<\/p>\n<p>&nbsp;<\/p>\n","protected":false},"excerpt":{"rendered":"<p>O\u00a0papa Francisco em acolheu o pedido de ren\u00fancia apresentado pelo bispo<\/p>\n","protected":false},"author":83,"featured_media":10069,"comment_status":"open","ping_status":"open","sticky":false,"template":"","format":"standard","meta":{"site-sidebar-layout":"default","site-content-layout":"default","ast-global-header-display":"","ast-banner-title-visibility":"","ast-main-header-display":"","ast-hfb-above-header-display":"","ast-hfb-below-header-display":"","ast-hfb-mobile-header-display":"","site-post-title":"","ast-breadcrumbs-content":"","ast-featured-img":"","footer-sml-layout":"","theme-transparent-header-meta":"","adv-header-id-meta":"","stick-header-meta":"","header-above-stick-meta":"","header-main-stick-meta":"","header-below-stick-meta":""},"categories":[798],"tags":[],"acf":[],"_links":{"self":[{"href":"https:\/\/www.cnbb.org.br\/cnbb-app\/wp\/v2\/posts\/10068"}],"collection":[{"href":"https:\/\/www.cnbb.org.br\/cnbb-app\/wp\/v2\/posts"}],"about":[{"href":"https:\/\/www.cnbb.org.br\/cnbb-app\/wp\/v2\/types\/post"}],"author":[{"embeddable":true,"href":"https:\/\/www.cnbb.org.br\/cnbb-app\/wp\/v2\/users\/83"}],"replies":[{"embeddable":true,"href":"https:\/\/www.cnbb.org.br\/cnbb-app\/wp\/v2\/comments?post=10068"}],"version-history":[{"count":0,"href":"https:\/\/www.cnbb.org.br\/cnbb-app\/wp\/v2\/posts\/10068\/revisions"}],"wp:featuredmedia":[{"embeddable":true,"href":"https:\/\/www.cnbb.org.br\/cnbb-app\/wp\/v2\/media\/10069"}],"wp:attachment":[{"href":"https:\/\/www.cnbb.org.br\/cnbb-app\/wp\/v2\/media?parent=10068"}],"wp:term":[{"taxonomy":"category","embeddable":true,"href":"https:\/\/www.cnbb.org.br\/cnbb-app\/wp\/v2\/categories?post=10068"},{"taxonomy":"post_tag","embeddable":true,"href":"https:\/\/www.cnbb.org.br\/cnbb-app\/wp\/v2\/tags?post=10068"}],"curies":[{"name":"wp","href":"https:\/\/api.w.org\/{rel}","templated":true}]}}