{"id":10073,"date":"2015-12-16T00:00:00","date_gmt":"2015-12-16T02:00:00","guid":{"rendered":"https:\/\/www.cnbb.org.br\/cnbb-agradece-servico-de-dom-paulo-sergio-machado\/"},"modified":"2015-12-16T00:00:00","modified_gmt":"2015-12-16T02:00:00","slug":"cnbb-agradece-servico-de-dom-paulo-sergio-machado","status":"publish","type":"post","link":"https:\/\/www.cnbb.org.br\/cnbb-agradece-servico-de-dom-paulo-sergio-machado\/","title":{"rendered":"CNBB agradece servi\u00e7o de dom Paulo S\u00e9rgio Machado"},"content":{"rendered":"<p>Dom S\u00e9rgio completou 26 anos de vida episcopal<\/p>\n<p><!--more--><\/p>\n<p style=\"text-align: justify\">A Confer\u00eancia Nacional dos Bispos do Brasil (CNBB) expressou, nesta quarta-feira, 16, gratid\u00e3o\u00a0a dom Paulo S\u00e9rgio Machado, agora bispo em\u00e9rito da diocese de S\u00e3o Carlos (SP), pelos 26 anos de vida episcopal &#8220;a servi\u00e7o da evangeliza\u00e7\u00e3o na Igreja no Brasil&#8221;. No texto, assinado pelo bispo auxiliar de Bras\u00edlia e secret\u00e1rio geral da entidade, dom Leonardo Ulrich Steiner, tamb\u00e9m h\u00e1 votos ao arcebispo de Campinas (SP), dom Airton Jos\u00e9 dos Santos, que assumir\u00e1 concomitantemente a fun\u00e7\u00e3o de administrador apost\u00f3lico de S\u00e3o Carlos.<\/p>\n<p>Leia na \u00edntegra:<\/p>\n<p style=\"text-align: right\">Bras\u00edlia-DF, 16 de dezembro de 2015<\/p>\n<p style=\"text-align: center\"><strong>Agradecimento a Dom Paulo S\u00e9rgio Machado\u00a0<\/strong><\/p>\n<p>A Confer\u00eancia Nacional dos Bispos do Brasil \u2013 CNBB tomou conhecimento, na manh\u00e3 desta quarta-feira, 16 de dezembro, da decis\u00e3o do Papa Francisco em acolher o pedido de ren\u00fancia apresentado pelo Bispo da Diocese de S\u00e3o Carlos \u2013 SP, Dom Paulo S\u00e9rgio Machado, em conformidade com o c\u00e2non 401\u00a72\u00ba do C\u00f3digo de Direito Can\u00f4nico.<\/p>\n<p style=\"text-align: justify\">Dom Paulo S\u00e9rgio Machado \u00e9 natural de Patroc\u00ednio \u2013 MG. Foi ordenado presb\u00edtero em 08 de abril de 1972 e Bispo, em 24 de setembro de 1989. Inspirado pelo lema \u201cA paz \u00e9 obra da solidariedade\u201d, foi Bispo de Ituiutaba \u2013 MG de 1989 a 2006, quando foi nomeado para a Diocese de S\u00e3o Carlos \u2013 SP.<\/p>\n<p style=\"text-align: justify\">Manifestamos reconhecidos agradecimentos a Dom Paulo S\u00e9rgio, pelos 26 anos de vida episcopal a servi\u00e7o da evangeliza\u00e7\u00e3o na Igreja no Brasil, e desejamos a Dom Airton Jos\u00e9 dos Santos muitas b\u00ean\u00e7\u00e3os para que, no Jubileu da Miseric\u00f3rdia, conduza os irm\u00e3os e irm\u00e3s da Igreja Particular de S\u00e3o Carlos \u00e0 viv\u00eancia samaritana da f\u00e9 e do seguimento fiel a Jesus, o Bom Pastor.<\/p>\n<p>Unidos pela mesma miss\u00e3o,<\/p>\n<p style=\"text-align: center\"><strong>Dom Leonardo Ulrich Steiner<\/strong><br \/>\nBispo Auxiliar de Bras\u00edlia &#8211; DF<br \/>\nSecret\u00e1rio-Geral da CNBB<\/p>\n","protected":false},"excerpt":{"rendered":"<p>Dom S\u00e9rgio completou 26 anos de vida episcopal<\/p>\n","protected":false},"author":83,"featured_media":10074,"comment_status":"open","ping_status":"open","sticky":false,"template":"","format":"standard","meta":{"site-sidebar-layout":"default","site-content-layout":"default","ast-global-header-display":"","ast-banner-title-visibility":"","ast-main-header-display":"","ast-hfb-above-header-display":"","ast-hfb-below-header-display":"","ast-hfb-mobile-header-display":"","site-post-title":"","ast-breadcrumbs-content":"","ast-featured-img":"","footer-sml-layout":"","theme-transparent-header-meta":"","adv-header-id-meta":"","stick-header-meta":"","header-above-stick-meta":"","header-main-stick-meta":"","header-below-stick-meta":""},"categories":[798],"tags":[],"acf":[],"_links":{"self":[{"href":"https:\/\/www.cnbb.org.br\/cnbb-app\/wp\/v2\/posts\/10073"}],"collection":[{"href":"https:\/\/www.cnbb.org.br\/cnbb-app\/wp\/v2\/posts"}],"about":[{"href":"https:\/\/www.cnbb.org.br\/cnbb-app\/wp\/v2\/types\/post"}],"author":[{"embeddable":true,"href":"https:\/\/www.cnbb.org.br\/cnbb-app\/wp\/v2\/users\/83"}],"replies":[{"embeddable":true,"href":"https:\/\/www.cnbb.org.br\/cnbb-app\/wp\/v2\/comments?post=10073"}],"version-history":[{"count":0,"href":"https:\/\/www.cnbb.org.br\/cnbb-app\/wp\/v2\/posts\/10073\/revisions"}],"wp:featuredmedia":[{"embeddable":true,"href":"https:\/\/www.cnbb.org.br\/cnbb-app\/wp\/v2\/media\/10074"}],"wp:attachment":[{"href":"https:\/\/www.cnbb.org.br\/cnbb-app\/wp\/v2\/media?parent=10073"}],"wp:term":[{"taxonomy":"category","embeddable":true,"href":"https:\/\/www.cnbb.org.br\/cnbb-app\/wp\/v2\/categories?post=10073"},{"taxonomy":"post_tag","embeddable":true,"href":"https:\/\/www.cnbb.org.br\/cnbb-app\/wp\/v2\/tags?post=10073"}],"curies":[{"name":"wp","href":"https:\/\/api.w.org\/{rel}","templated":true}]}}