{"id":10075,"date":"2015-12-23T00:00:00","date_gmt":"2015-12-23T02:00:00","guid":{"rendered":"https:\/\/www.cnbb.org.br\/cnbb-agradece-a-vida-episcopal-de-dom-erwin-kraeutle\/"},"modified":"2015-12-23T00:00:00","modified_gmt":"2015-12-23T02:00:00","slug":"cnbb-agradece-a-vida-episcopal-de-dom-erwin-kraeutle","status":"publish","type":"post","link":"https:\/\/www.cnbb.org.br\/cnbb-agradece-a-vida-episcopal-de-dom-erwin-kraeutle\/","title":{"rendered":"Mensagem de agradecimento a dom Erwin Kr\u00e4utler"},"content":{"rendered":"<p style=\"text-align: justify\">A Confer\u00eancia Nacional dos Bispos do Brasil (CNBB) expressou, nesta quarta-feira, 23 de dezembro, gratid\u00e3o a dom Erwin Kr\u00e4utler que, desde 1981, esteve \u00e0\u00a0frente da\u00a0prelazia de Xingu (PA). O papa Francisco acolheu o pedido de ren\u00fancia apresentado pelo bispo, em conformidade com o c\u00e2non 401\u00a71\u00ba do C\u00f3digo de Direito Can\u00f4nico.<\/p>\n<p style=\"text-align: justify\"><span style=\"font-size: 12.16px;line-height: 1.3em\"><span style=\"font-size: 12.16px;line-height: 15.808px\">&#8220;No caminho mission\u00e1rio, tra\u00e7ado pelo Evangelho da Vida, Dom Erwin seguiu plenamente seu lema episcopal, &#8216;Servo de Cristo Jesus&#8217;, colocando-se a servi\u00e7o dos povos mais vulner\u00e1veis, sendo muitas vezes voz ressonante daqueles que clamam por seus direitos e projetos de vida, denunciando os males que ferem a dignidade humana e o meio ambiente, n\u00e3o se calando, mesmo quando amea\u00e7ado de morte ou tendo seus irm\u00e3os e irm\u00e3s de caminhada assassinados&#8221;, diz trecho da mensagem, assinada<\/span>\u00a0pelo bispo auxiliar de Bras\u00edlia e secret\u00e1rio geral da entidade, dom Leonardo Ulrich Steiner.<\/span><\/p>\n<p style=\"text-align: justify\">Leia, abaixo, a \u00edntegra do texto:<\/p>\n<p style=\"text-align: justify\">\n<h4 style=\"text-align: center\"><strong>\u00a0 \u00a0 \u00a0 \u00a0 \u00a0Agradecimento a dom\u00a0<span style=\"font-size: 12.16px;line-height: 15.808px\">Erwin Kr\u00e4utler<\/span><\/strong><\/h4>\n<p style=\"text-align: justify\">A Confer\u00eancia Nacional dos Bispos do Brasil \u2013 CNBB tomou conhecimento, nesta quarta-feira, 23 de dezembro, da decis\u00e3o do Papa Francisco em acolher o pedido de ren\u00fancia apresentado pelo bispo do Xingu (PA), Dom Erwin Kr\u00e4utler, de acordo com o c\u00e2non 401\u00a71\u00ba do C\u00f3digo de Direito Can\u00f4nico.<\/p>\n<p style=\"text-align: justify\">Dom Erwin \u00e9 um brasileiro que veio da \u00c1ustria na d\u00e9cada de 1960. \u00a0Atuou em Altamira \u2013PA, de 1965 a 1980. Ordenado bispo do Xingu, serviu a esta prelazia durante 34 anos. Foi presidente do Conselho Indigenista Mission\u00e1rio (Cimi) por diversos mandatos: de 1983 a 1991, de 1999 a 2003 e de 2007 a 2015. \u00a0\u00c9 conhecido, no Brasil e no mundo, como grande defensor da causa ind\u00edgena, que assumiu como sua. Em 2010, recebeu o pr\u00eamio Right Livelihood Award (Pr\u00eamio Nobel Alternativo) por sua dedica\u00e7\u00e3o aos povos ind\u00edgenas e \u00e0 Amaz\u00f4nia.<\/p>\n<p style=\"text-align: justify\">No caminho mission\u00e1rio, tra\u00e7ado pelo Evangelho da Vida, Dom Erwin seguiu plenamente seu lema episcopal, \u201cServo de Cristo Jesus\u201d, colocando-se a servi\u00e7o dos povos mais vulner\u00e1veis, sendo muitas vezes voz ressonante daqueles que clamam por seus direitos e projetos de vida, denunciando os males que ferem a dignidade humana e o meio ambiente, n\u00e3o se calando, mesmo quando amea\u00e7ado de morte ou tendo seus irm\u00e3os e irm\u00e3s de caminhada assassinados.<\/p>\n<p style=\"text-align: justify\">A Dom Erwin a CNBB expressa imensa gratid\u00e3o por sua vida e servi\u00e7o junto \u00e0 Igreja Particular do Xingu e aos povos ind\u00edgenas da regi\u00e3o amaz\u00f4nica. Que a gra\u00e7a de Deus lhe permita continuar sendo presen\u00e7a solid\u00e1ria no meio dos que mais precisam, levando a esperan\u00e7a de um mundo justo, digno e fraterno.<\/p>\n<p style=\"text-align: justify\">Com preces,<\/p>\n<p>&nbsp;<\/p>\n<p style=\"text-align: center\"><strong>Dom Leonardo Ulrich Steiner<\/strong><\/p>\n<p style=\"text-align: center\">Bispo Auxiliar de Bras\u00edlia &#8211; DF<\/p>\n<p style=\"text-align: center\">Secret\u00e1rio-Geral da CNBB<\/p>\n<p style=\"text-align: center\">\n<p>&nbsp;<\/p>\n","protected":false},"excerpt":{"rendered":"<p>A Confer\u00eancia Nacional dos Bispos do Brasil (CNBB) expressou, nesta quarta-feira, 23 de dezembro, gratid\u00e3o a dom Erwin Kr\u00e4utler que, desde 1981, esteve \u00e0\u00a0frente da\u00a0prelazia de Xingu (PA). O papa Francisco acolheu o pedido de ren\u00fancia apresentado pelo bispo, em conformidade com o c\u00e2non 401\u00a71\u00ba do C\u00f3digo de Direito Can\u00f4nico. &#8220;No caminho mission\u00e1rio, tra\u00e7ado pelo &hellip;<\/p>\n<p class=\"read-more\"> <a class=\"\" href=\"https:\/\/www.cnbb.org.br\/cnbb-agradece-a-vida-episcopal-de-dom-erwin-kraeutle\/\"> <span class=\"screen-reader-text\">Mensagem de agradecimento a dom Erwin Kr\u00e4utler<\/span> Leia mais &raquo;<\/a><\/p>\n","protected":false},"author":83,"featured_media":10076,"comment_status":"open","ping_status":"open","sticky":false,"template":"","format":"standard","meta":{"site-sidebar-layout":"default","site-content-layout":"default","ast-global-header-display":"","ast-banner-title-visibility":"","ast-main-header-display":"","ast-hfb-above-header-display":"","ast-hfb-below-header-display":"","ast-hfb-mobile-header-display":"","site-post-title":"","ast-breadcrumbs-content":"","ast-featured-img":"","footer-sml-layout":"","theme-transparent-header-meta":"","adv-header-id-meta":"","stick-header-meta":"","header-above-stick-meta":"","header-main-stick-meta":"","header-below-stick-meta":""},"categories":[798],"tags":[],"acf":[],"_links":{"self":[{"href":"https:\/\/www.cnbb.org.br\/cnbb-app\/wp\/v2\/posts\/10075"}],"collection":[{"href":"https:\/\/www.cnbb.org.br\/cnbb-app\/wp\/v2\/posts"}],"about":[{"href":"https:\/\/www.cnbb.org.br\/cnbb-app\/wp\/v2\/types\/post"}],"author":[{"embeddable":true,"href":"https:\/\/www.cnbb.org.br\/cnbb-app\/wp\/v2\/users\/83"}],"replies":[{"embeddable":true,"href":"https:\/\/www.cnbb.org.br\/cnbb-app\/wp\/v2\/comments?post=10075"}],"version-history":[{"count":0,"href":"https:\/\/www.cnbb.org.br\/cnbb-app\/wp\/v2\/posts\/10075\/revisions"}],"wp:featuredmedia":[{"embeddable":true,"href":"https:\/\/www.cnbb.org.br\/cnbb-app\/wp\/v2\/media\/10076"}],"wp:attachment":[{"href":"https:\/\/www.cnbb.org.br\/cnbb-app\/wp\/v2\/media?parent=10075"}],"wp:term":[{"taxonomy":"category","embeddable":true,"href":"https:\/\/www.cnbb.org.br\/cnbb-app\/wp\/v2\/categories?post=10075"},{"taxonomy":"post_tag","embeddable":true,"href":"https:\/\/www.cnbb.org.br\/cnbb-app\/wp\/v2\/tags?post=10075"}],"curies":[{"name":"wp","href":"https:\/\/api.w.org\/{rel}","templated":true}]}}