{"id":10108,"date":"2008-06-24T00:00:00","date_gmt":"2008-06-24T03:00:00","guid":{"rendered":"https:\/\/www.cnbb.org.br\/missao-na-amazonia-brasileira\/"},"modified":"2020-03-11T16:17:40","modified_gmt":"2020-03-11T19:17:40","slug":"missao-na-amazonia-brasileira","status":"publish","type":"post","link":"https:\/\/www.cnbb.org.br\/missao-na-amazonia-brasileira\/","title":{"rendered":"Miss\u00e3o na Amaz\u00f4nia Brasileira"},"content":{"rendered":"<p style=\"text-align: justify\">\n<p>Amaz\u00f4nia \u00e9 esperan\u00e7a. \u00c9 uma grande m\u00e3e que guarda no seu ventre o tesouro de imensas riquezas naturais, cobi\u00e7adas por aqueles que s\u00f3 vivem <!--more--> para explorar, comprar, vender, numa l\u00f3gica de morte. Ela, ao contr\u00e1rio oferece o que tem, s\u00f3 gera vida! \u00c9 uma terra ferida. Onde h\u00e1 desmatamento, destrui\u00e7\u00e3o da biodiversidade, garimpo, prostitui\u00e7\u00e3o, narcotr\u00e1fico, urbaniza\u00e7\u00e3o selvagem, queimadas, polui\u00e7\u00e3o das \u00e1guas.<\/p>\n<p style=\"text-align: justify\">A Igreja doa sua vida para miss\u00e3o na Amaz\u00f4nia. Incont\u00e1veis s\u00e3o os sacrif\u00edcios dos frades, padres, religiosos, leigos e leigas que evangelizam a regi\u00e3o at\u00e9 os \u00faltimos rinc\u00f5es, nas condi\u00e7\u00f5es mais dif\u00edceis. Hoje, essa regi\u00e3o continua uma terra de miss\u00e3o pela situa\u00e7\u00e3o particular em que se encontra. O n\u00famero insuficiente de sacerdotes, religiosos e religiosas e poucos l\u00edderes leigos preparados \u00e0 frente de uma comunidade, denotam que ainda a Igreja n\u00e3o atingiu seu desenvolvimento e metas.<\/p>\n<p style=\"text-align: justify\">\u00c9 verdade que as \u00e1reas s\u00e3o enormes, existem comunidades numerosas nas cabeceiras dos rios ou igarap\u00e9s, ou nos fundes de estradas e rodovias, elas n\u00e3o podem ser abandonadas e, se, no meio da mata, vive, uma \u00fanica fam\u00edlia sequer, tamb\u00e9m ela merece nossos cuidados pastorais. A experi\u00eancia nos ensina, que em povoados distantes da sede paroquial, o anseio pela presen\u00e7a do padre ou do bispo \u00e9 bem mais forte do que nos centros urbanos.<\/p>\n<p>A solid\u00e3o e o isolamento em que vive este povo \u00e0s vezes, o total abandono por parte das autoridades fazem desta gente pobre e humilde &#8220;exultar de alegria&#8221; quando um padre chega em suas acostumadas desobrigas. Em nossas miss\u00f5es, quando visitamos os fi\u00e9is nas estradas, rios e seringais, gastamos bastante tempo para chegarmos at\u00e9 1\u00e1, passamos muitos ramais tempo deslocando-nos, do que quando permanecemos nestas comunidades para evangelizar.<\/p>\n<p style=\"text-align: justify\">N\u00f3s, Servos de Maria, h\u00e1 85 anos presentes nestes lugares, estamos muito contentes ao lembrarmos a generosidade e o sacrif\u00edcio abnegado de alguns irm\u00e3os frades, freiras, e leigos(as), que doaram parte de suas vidas por este povo. Celebrando os 85 anos de presen\u00e7a aqui, n\u00e3o deixamos de recordar memor\u00e1veis pessoas que se destacaram e trabalharam em prol desta regi\u00e3o, como D. Pr\u00f3spero Bernardi, D. J\u00falio Mattioli, D. Giocondo Grotti, fr. Eg\u00eddio Rovolon, Miguel Lorenzini e muitos outros volunt\u00e1rios e volunt\u00e1rias. Atualmente contamos com tr\u00eas freis de grande respeito o peso pelo longo tempo de seus servi\u00e7os: fr. Ettore Turrini, fr. Paolino Baldassari e fr. Andr\u00e9 Ficarelli, que conservam vivos na mem\u00f3ria a hist\u00f3ria e fatos daqui.<\/p>\n<p style=\"text-align: justify\">Ainda hoje, a evangeliza\u00e7\u00e3o continua a ser um desafio importante. Quem, pessoa ou Igreja, deseja responder ao apelo da Igreja da Amaz\u00f4nia, deve conhecer sua caminhada para n\u00e3o chegar com esp\u00edrito colonialista.<\/p>\n<p style=\"text-align: justify\">A Igreja amaz\u00f4nica \u00e9 chamada a inculturar-se, inserir-se nos m\u00faltiplos universos (\u00edndios, seringueiros e migrantes) e viver o pluralismo. Isso implica ajudar os povos locais a exprimir e celebrar sua f\u00e9 em Cristo, na sua pr\u00f3pria linguagem, s\u00edmbolos, valores, suas express\u00f5es religiosas, sua vis\u00e3o de vida e mundo. Estamos buscando um rosto amaz\u00f4nico.<\/p>\n<p style=\"text-align: justify\">Deve continuar apoiando as organiza\u00e7\u00f5es populares em suas iniciativas, como: desenvolver alternativas de produ\u00e7\u00e3o participar de movimentos urbanos&#8230;<\/p>\n<p style=\"text-align: justify\">Frente \u00e0 toda riqueza, \u00e0 complexidade social, cultural, econ\u00f4mica e ecol\u00f3gica da Amaz\u00f4nia e a necessidade de atuar de modo l\u00facido e eficaz em sua miss\u00e3o evangelizadora, a Igreja tenta produzir uma teologia autenticamente amaz\u00f4nica. Nossa perspectiva enra\u00edza-se na miss\u00e3o primeira da Igreja: Anunciar o Evangelho de Jesus e de seu reino como fonte de sentido e liberta\u00e7\u00e3o. Diante da crise da nossa \u00e9poca a Igreja sente-se desafiada a: anunciar aos afastados, o n\u00facleo do Kerigma: Jesus Cristo morto e ressuscitado, caminho verdade e vida para todo homem e mulher.<\/p>\n<p style=\"text-align: justify\">No servi\u00e7o social, desenvolvemos um trabalho muito intenso, pe. Paolino, um padre de 79 anos, atende todos dias a umas 50 pessoas enfermas que buscam rem\u00e9dios, al\u00e9m dos exames m\u00e9dicos gratuitos aos pobres. Temos uma funda\u00e7\u00e3o chamada Amigos da Amaz\u00f4nia, funcionando sem fins lucrativos, onde atende v\u00e1rias crian\u00e7as, jovens e c\u00e1rceres com curso de inform\u00e1tica, cer\u00e2mica e artesanatos. Tamb\u00e9m h\u00e1 v\u00e1rias escolas espalhadas pelos bairros da cidade para d\u00e1 refor\u00e7o escolar \u00e0 aproximadamente 400 crian\u00e7as carentes e necessitadas.<\/p>\n<p style=\"text-align: justify\">N\u00e3o cansamos de lutar pela preserva\u00e7\u00e3o da mata amaz\u00f4nica e do meio ambiente, fr. Paulino e fr. Heitor converteram-se em profetas, guardi\u00f5es da floresta, denunciando, educando, conscientizando as pessoas, prova disso, \u00e9 o reconhecimento das autoridades e a aprecia\u00e7\u00e3o do povo.<\/p>\n<p style=\"text-align: justify\">Pass\u00e1vamos, neste \u00faltimo ver\u00e3o, um per\u00edodo muito cr\u00edtico, pois o ver\u00e3o como nunca se havia visto, criou uma estiagem muito imensa, se via as queimadas destruindo a mata virgem, animais, casas, planta\u00e7\u00f5es&#8230; e a fuma\u00e7a cobria os ares da cidade, doen\u00e7as respirat\u00f3rias e intestinais surgiam a cada momento, tudo isso, devido \u00e0 falta de uma aut\u00eantica conci\u00eancia social e \u00e0 responsabilidade de alguns que s\u00f3 pensam em destruir e devastar a floresta. Agimos concretamente, enviando cartas \u00e0s autoridades, como ao governador do Estado e \u00e0 ministra do meio ambiente, cobrando e exigindo medidas urgentes. Tamb\u00e9m fizemos uma marcha pelas ruas das cidade em prol da relva.<\/p>\n<p style=\"text-align: justify\">Pela minha experi\u00eancia como frade Servo de Maria mexicano, depois de andar 18 anos fora de minha p\u00e1tria, conhecendo novas culturas e pa\u00edses da Am\u00e9rica do Sul (Col\u00f4mbia, Argentina, Brasil e pa\u00edses vizinhos), posso dizer que a experi\u00eancia mission\u00e1ria \u00e9 uma aventura de f\u00e9, na qual cada dia devemos estar abertos para reconhecermos os sinais dos tempos, as express\u00f5es, tradi\u00e7\u00f5es das pessoas e os s\u00edmbolos culturais de cada comunidade, mas que em cada um, vemos a manifesta\u00e7\u00e3o do infinito amor de Deus.<\/p>\n<p style=\"text-align: justify\">Certamente ser mission\u00e1rio aqui, significa priorizar o servi\u00e7o pastoral e social pelos nossos irm\u00e3os mais necessitados, \u00e9 levar a esperan\u00e7a evangelizadora que encoraje \u00e0 f\u00e9 e lutar para preservar o cen\u00e1rio criado por Deus, deixando-\u00ado que se mantenha vivo e seja uma floresta onde o homem e o Criador se encontrem outra vez e dialoguem harmoniosamente.<\/p>\n<p style=\"text-align: justify\">Estando aqui em Sena Madureira, h\u00e1 10 anos, lugar duma par\u00f3quia que abrange 3 munic\u00edpios com extens\u00f5es territoriais enormes, confesso que nossas tarefas s\u00e3o muitas, por\u00e9m, mesmo contando com poucos &#8220;trabalhadores&#8221; que somos, persistimos muito nesta terra de miss\u00e3o.<\/p>\n<p style=\"text-align: justify\">Fraternalmente: fr. Rodrigo M. Trejo Le\u00f3n. OSM<\/p>\n<p style=\"text-align: justify\">\n<p style=\"text-align: justify\">\n<h1 style=\"text-align: right\">Sena Madureira \u2013 Acre, Dezembro de 2005<\/h1>\n","protected":false},"excerpt":{"rendered":"<p>Amaz\u00f4nia \u00e9 esperan\u00e7a. \u00c9 uma grande m\u00e3e que guarda no seu ventre o tesouro de imensas riquezas naturais, cobi\u00e7adas por aqueles que s\u00f3 vivem<\/p>\n","protected":false},"author":83,"featured_media":0,"comment_status":"open","ping_status":"open","sticky":false,"template":"","format":"standard","meta":{"site-sidebar-layout":"default","site-content-layout":"default","ast-global-header-display":"","ast-banner-title-visibility":"","ast-main-header-display":"","ast-hfb-above-header-display":"","ast-hfb-below-header-display":"","ast-hfb-mobile-header-display":"","site-post-title":"","ast-breadcrumbs-content":"","ast-featured-img":"","footer-sml-layout":"","theme-transparent-header-meta":"","adv-header-id-meta":"","stick-header-meta":"","header-above-stick-meta":"","header-main-stick-meta":"","header-below-stick-meta":""},"categories":[925],"tags":[],"acf":[],"_links":{"self":[{"href":"https:\/\/www.cnbb.org.br\/cnbb-app\/wp\/v2\/posts\/10108"}],"collection":[{"href":"https:\/\/www.cnbb.org.br\/cnbb-app\/wp\/v2\/posts"}],"about":[{"href":"https:\/\/www.cnbb.org.br\/cnbb-app\/wp\/v2\/types\/post"}],"author":[{"embeddable":true,"href":"https:\/\/www.cnbb.org.br\/cnbb-app\/wp\/v2\/users\/83"}],"replies":[{"embeddable":true,"href":"https:\/\/www.cnbb.org.br\/cnbb-app\/wp\/v2\/comments?post=10108"}],"version-history":[{"count":0,"href":"https:\/\/www.cnbb.org.br\/cnbb-app\/wp\/v2\/posts\/10108\/revisions"}],"wp:attachment":[{"href":"https:\/\/www.cnbb.org.br\/cnbb-app\/wp\/v2\/media?parent=10108"}],"wp:term":[{"taxonomy":"category","embeddable":true,"href":"https:\/\/www.cnbb.org.br\/cnbb-app\/wp\/v2\/categories?post=10108"},{"taxonomy":"post_tag","embeddable":true,"href":"https:\/\/www.cnbb.org.br\/cnbb-app\/wp\/v2\/tags?post=10108"}],"curies":[{"name":"wp","href":"https:\/\/api.w.org\/{rel}","templated":true}]}}