{"id":10109,"date":"2008-06-24T00:00:00","date_gmt":"2008-06-24T03:00:00","guid":{"rendered":"https:\/\/www.cnbb.org.br\/mutirao-pela-amazonia\/"},"modified":"2020-03-11T16:17:40","modified_gmt":"2020-03-11T19:17:40","slug":"mutirao-pela-amazonia","status":"publish","type":"post","link":"https:\/\/www.cnbb.org.br\/mutirao-pela-amazonia\/","title":{"rendered":"Mutir\u00e3o pela Amaz\u00f4nia"},"content":{"rendered":"<p style=\"text-align: justify\">\n<p>Come\u00e7ou ontem, dia 9, em Brasilia (DF), o Encontro do Mutir\u00e3o pela Amaz\u00f4nia, com a presen\u00e7a do presidente da CNBB, Dom Geraldo Majella Agnelo, <!--more--> o secret\u00e1rio-geral, Dom Odilo Pedro Scherer; o presidente da Comiss\u00e3o Episcopal para a Amaz\u00f4nia, Dom Jayme Henrique Chemello.<\/p>\n<p style=\"text-align: justify\">Palavras dos presidentes da CNBB e da Comiss\u00e3o da Amaz\u00f4nia e da representante da CRB<\/p>\n<p style=\"text-align: justify\">Para o cardeal Geraldo Majella Agnelo, presidente da CNBB, o maior desafio para a evangeliza\u00e7\u00e3o da Amaz\u00f4nia, al\u00e9m do individualismo e do consumismo, &#8220;o principal desafio \u00e9 que os crist\u00e3os tenham consci\u00eancia da sua f\u00e9 e esperan\u00e7a em Jesus. Esquecemos que temos a miss\u00e3o de sermos evangelizadores, &#8220;outros Cristo&#8221;.<\/p>\n<p style=\"text-align: justify\">Ap\u00f3s a sauda\u00e7\u00e3o do Cardeal Geraldo Majella Agnelo, falou Dom Jayme Henrique Chemelo, lembrando o lema &#8220;Cristo aponta para a Amaz\u00f4nia&#8221;. Disse que n\u00e3o \u00e9 f\u00e1cil despertar o Brasil para a Amaz\u00f4nia. \u00c9 preciso inculturar-se. Dom Jayme lembrou o que ouviu de um \u00edndio que definiu a &#8220;Amaz\u00f4nia\u00a0 como uma B\u00edblia, uma biblioteca&#8221;. \u00c9 preciso &#8220;descobrir os sinais de Deus escitos na\u00a0 Amaz\u00f4nia, disse o presidente da Comiss\u00e3o da Amaz\u00f4nia. Para evangelizar n\u00e3o basta ir com nossos conhecimentos, mas descobrir as belezas que existem naquela realidade. Colaborar na evangeliza\u00e7\u00e3o n\u00e3o \u00e9 levar nossos conhecimentos, mas trabalhar com os amaz\u00f4nidas (os que moram l\u00e1).<\/p>\n<p style=\"text-align: justify\">Dom Jayme disse que antes de mais nada \u00e9 preciso que o povo brasileiro entenda o que \u00e9 a Amaz\u00f4nia. N\u00e3o s\u00f3 o Estado do Amazonas, mas inclusive outros oito pa\u00edses que fazem fronteira com o Brasil. \u00c9 preciso amar a Amaz\u00f4niua, disse o presidente da Comiss\u00e3o.<\/p>\n<p style=\"text-align: justify\">A representante da Confer\u00eancia dos Religiosos do Brasil, Irm\u00e3 Zenilda, falou da solidariedade\u00a0 da Vida Religiosa para com a Amaz\u00f4nia. E afirmou: &#8221; CRB \u00e9 solid\u00e1ria com a Amaz\u00f4nia e tem como objetivo incrementar a m\u00edstica mission\u00e1ria&#8221;.<\/p>\n<p style=\"text-align: justify\">Representante da Amaz\u00f4nia pediu respeito pela Amaz\u00f4nia<\/p>\n<p>Marinalvo Justino Trajano (RR), da Reserva Ind\u00edgena Raposa Serra do Sol, representante dos povos da Amaz\u00f4nia, falou da alegria de &#8220;estar neste encontro&#8221;. &#8220;Para n\u00f3s, disse Marinalvo, a natureza \u00e9 um biblioteca viva. O \u00edndio aprende com ela. S\u00f3 que hoje a nossa terra foi dividida e virou mercadoria. O capitalismo est\u00e1 fazendo que todos os conhecimentos sejam estranhos ao pr\u00f3prio Brasil. A gan\u00e2nica est\u00e1 querendo acabar com tudo que \u00e9 verdadeiro. Nesta terra sobrevivemos, nesta terra aprendemos. Nossas plantas medicinais s\u00e3o patenteadas, comercializadas por outros pa\u00edses. Sou da Raposa Serra do Sol, homologada no dia 15 de abril passado. Mas isso custou a vida de 21 ind\u00edgenas, destrui\u00e7\u00e3o, rios polu\u00eddos, lagos j\u00e1 n\u00e3o existem mais, pois hoje se transformaram em lavouras de arroz. O que resulta hoje s\u00e3o doen\u00e7as nas comunidades, pelas \u00e1guas polu\u00eddas. No dia 23 de novembro foram destru\u00eddas por tratores 33 casas de 3 comunidades. Pedimos a Deus b\u00ean\u00e7\u00e3o para nossa luta. Cremos que Deus nos fortalece. Tudo que tem na Amaz\u00f4nia tem que ser respeitado.&#8221;<\/p>\n<p style=\"text-align: justify\">Secret\u00e1ria-executiva da Comiss\u00e3o pela Amaz\u00f4nia fala do Projeto<\/p>\n<p style=\"text-align: justify\">Irm\u00e3 Cec\u00edlia Tada, secret\u00e1ria-executiva do projeto Mutir\u00e3o pela Amaz\u00f4nia, falou do Projeto<\/p>\n<p style=\"text-align: justify\">A Amaz\u00f4nia brasileira compreende os estados do Amazonas, Par\u00e1, Acre, Rond\u00f4nia, Roraima e Amap\u00e1. Numa \u00e1rea que corresponde a\u00a0 56% do territ\u00f3rio nacional, a presen\u00e7a de presb\u00edteros e religiosos corresponde apenas a 1% do total do Sudeste e Sul do Pa\u00eds. As Dioceses vivem ainda uma grande depend\u00eancia de mission\u00e1rios e mission\u00e1rias provenientes do exterior e de outras regi\u00f5es do Brasil.<\/p>\n<p style=\"text-align: justify\">A Amaz\u00f4nia continental envolve mais outros oito Pa\u00edses.<\/p>\n<p style=\"text-align: justify\">O objetivo do Mutir\u00e3o pela Amaz\u00f4nia \u00e9 mobilizar a Igreja e a Sociedade para voltar os olhos para a Amaz\u00f4nia. Conscientizar todos de que a Amaz\u00f4nia \u00e9 Povo e Terra e \u00e9 brasileira. Pelo conhecimento da realidade amaz\u00f4nica, tentar mover parceiros para o mutir\u00e3o em defesa da Amaz\u00f4nia para o desenvolvimento e a defesa da vida.<\/p>\n<p style=\"text-align: justify\">A Amaz\u00f4nia representa 56% do territ\u00f3rio brasileiro e cont\u00e9m 17% da \u00e1gua doce do planeta, al\u00e9m de possuir a maior biodiversidade e a maior extens\u00e3o de florestas tropicais do mundo, plantas medicinais, al\u00e9m de jazidas de in\u00fameros bens met\u00e1licos e n\u00e3o met\u00e1licos, cujo potencial suscita a cobi\u00e7a da comunidade internacional. Bens desconhecidos n\u00e3o valorizados pelos pr\u00f3prios brasileiros. O trabalho de evangeliza\u00e7\u00e3o deve passar pela preserva\u00e7\u00e3o da Natureza, atrav\u00e9s da educa\u00e7\u00e3o para o meio ambiente.<\/p>\n<p style=\"text-align: justify\">O que o Mutir\u00e3o pela Amaz\u00f4nia pretende \u00e9 articular os diversos setores da sociedade e de Igreja, transformando o evento de alcance nacional.<\/p>\n<p style=\"text-align: justify\">O Mutir\u00e3o pela Amaz\u00f4nia<\/p>\n<p style=\"text-align: justify\">O Mutir\u00e3o pela Amaz\u00f4nia realiza-se em tr\u00eas momentos:<\/p>\n<p style=\"text-align: justify\">1\u00ba momento: Encontro Nacional pela Amaz\u00f4nia &#8211; de 9 a 11 de junho, em Bras\u00edlia (DF)<\/p>\n<p style=\"text-align: justify\">2\u00ba momento: Realiza\u00e7\u00e3o de eventos em \u00e2mbito regional e local: Semin\u00e1rios, simp\u00f3sios por Regionais ou nas Macro-Regi\u00f5es; eventos nas Dioceses, Par\u00f3quias, cidades, em 2005-2006.<\/p>\n<p style=\"text-align: justify\">3\u00ba momento: Visita\u00e7\u00e3o dos Bispos da Amaz\u00f4nia a outras regi\u00f5es do Brasil e dos Bispos de outras regi\u00f5es, ao Norte 1 (Amazonas, Roraima), Norte 2 (Par\u00e1,Amap\u00e1), e Noroeste (Rond\u00f4nia,, Acre e parte do Amazonas), em 2006.<\/p>\n","protected":false},"excerpt":{"rendered":"<p>Come\u00e7ou ontem, dia 9, em Brasilia (DF), o Encontro do Mutir\u00e3o pela Amaz\u00f4nia, com a presen\u00e7a do presidente da CNBB, Dom Geraldo Majella Agnelo,<\/p>\n","protected":false},"author":83,"featured_media":0,"comment_status":"open","ping_status":"open","sticky":false,"template":"","format":"standard","meta":{"site-sidebar-layout":"default","site-content-layout":"default","ast-global-header-display":"","ast-banner-title-visibility":"","ast-main-header-display":"","ast-hfb-above-header-display":"","ast-hfb-below-header-display":"","ast-hfb-mobile-header-display":"","site-post-title":"","ast-breadcrumbs-content":"","ast-featured-img":"","footer-sml-layout":"","theme-transparent-header-meta":"","adv-header-id-meta":"","stick-header-meta":"","header-above-stick-meta":"","header-main-stick-meta":"","header-below-stick-meta":""},"categories":[925],"tags":[],"acf":[],"_links":{"self":[{"href":"https:\/\/www.cnbb.org.br\/cnbb-app\/wp\/v2\/posts\/10109"}],"collection":[{"href":"https:\/\/www.cnbb.org.br\/cnbb-app\/wp\/v2\/posts"}],"about":[{"href":"https:\/\/www.cnbb.org.br\/cnbb-app\/wp\/v2\/types\/post"}],"author":[{"embeddable":true,"href":"https:\/\/www.cnbb.org.br\/cnbb-app\/wp\/v2\/users\/83"}],"replies":[{"embeddable":true,"href":"https:\/\/www.cnbb.org.br\/cnbb-app\/wp\/v2\/comments?post=10109"}],"version-history":[{"count":0,"href":"https:\/\/www.cnbb.org.br\/cnbb-app\/wp\/v2\/posts\/10109\/revisions"}],"wp:attachment":[{"href":"https:\/\/www.cnbb.org.br\/cnbb-app\/wp\/v2\/media?parent=10109"}],"wp:term":[{"taxonomy":"category","embeddable":true,"href":"https:\/\/www.cnbb.org.br\/cnbb-app\/wp\/v2\/categories?post=10109"},{"taxonomy":"post_tag","embeddable":true,"href":"https:\/\/www.cnbb.org.br\/cnbb-app\/wp\/v2\/tags?post=10109"}],"curies":[{"name":"wp","href":"https:\/\/api.w.org\/{rel}","templated":true}]}}