{"id":10136,"date":"2009-10-10T00:00:00","date_gmt":"2009-10-10T03:00:00","guid":{"rendered":"https:\/\/www.cnbb.org.br\/dom-antonio-possamai-e-voz-da-amazonia-na-semana-brasileira-de-catequese\/"},"modified":"2020-03-11T16:17:22","modified_gmt":"2020-03-11T19:17:22","slug":"dom-antonio-possamai-e-voz-da-amazonia-na-semana-brasileira-de-catequese","status":"publish","type":"post","link":"https:\/\/www.cnbb.org.br\/dom-antonio-possamai-e-voz-da-amazonia-na-semana-brasileira-de-catequese\/","title":{"rendered":"Dom Ant\u00f4nio Possamai \u00e9 voz da Amaz\u00f4nia na Semana Brasileira de Catequese"},"content":{"rendered":"<p style=\"text-align: justify\">A Amaz\u00f4nia tamb\u00e9m teve voz na 3\u00aa Semana Brasileira de Catequese (SBC). O bispo em\u00e9rito de Ji-Paran\u00e1 e vice-presidente da Comiss\u00e3o Episcopal para a Amaz\u00f4nia da CNBB, dom Ant\u00f4nio Possamai, apresentou aos participantes do evento os projetos da Comiss\u00e3o para a Amaz\u00f4nia, da CNBB\u00a0 no final da tarde deste s\u00e1bado, 10, em Itaici (SP).<\/p>\n<p><!--more--><\/p>\n<p style=\"text-align: justify\">O bispo falou especialmente da Semana Mission\u00e1ria para a Igreja Cat\u00f3lica na Amaz\u00f4nia, que ser\u00e1 realizada em todo o pa\u00eds de 25 a 31 de outubro.<\/p>\n<p style=\"text-align: justify\">\u201cEsta Semana poder\u00e1 ser tempo privilegiado para vermos a parte de responsabilidade que nos cabe. Tenho a convic\u00e7\u00e3o de que n\u00e3o estamos acertando no processo de educa\u00e7\u00e3o da f\u00e9. Continuamos teimando em \u201cpreparar\u201d para receber tal sacramento e n\u00e3o formamos para terem um cora\u00e7\u00e3o ardendo a ponto de partirem imediatamente, mesmo sendo noite, para partilhar com os outros a alegria da experi\u00eancia do encontro com Jesus ressuscitado\u201d, disse dom Possamai.<\/p>\n<p style=\"text-align: justify\">Vivendo h\u00e1 mais de 30 anos na Amaz\u00f4nia, dom Possamai trouxe a realidade da regi\u00e3o que abrange 59% do territ\u00f3rio nacional, com 23 milh\u00f5es de habitantes, entre os quais, 208 mil ind\u00edgenas, o que equivale a 60% dos ind\u00edgenas brasileiros.<\/p>\n<p style=\"text-align: justify\">Interrompido v\u00e1rias vezes pelos aplausos da assembleia, dom Possamai disse que a Amaz\u00f4nia sempre foi desconhecida, mas muito cobi\u00e7ada atraindo \u201ccentenas de milhares de migrantes\u201d do sul e do sudeste do Brasil. Segundo o bispo, as dioceses destas duas regi\u00f5es n\u00e3o enviaram mission\u00e1rios para acompanhar seu povo que migrava para o norte.<\/p>\n<p style=\"text-align: justify\">\u201cAs dioceses do sul e sudeste que viram seu povo migrar n\u00e3o perceberam a necessidade de acompanhar este povo com mission\u00e1rios, contrariamente ao que fizeram as outras igrejas, as impropriamente\u00a0 chamadas evang\u00e9licas. O resultado da migra\u00e7\u00e3o foi o surgimento de novas \u00e1reas de povoamento que necessitam de assist\u00eancia religiosa\u201d, disse o bispo.<\/p>\n<p style=\"text-align: justify\">Segundo o vice-presidente da Comiss\u00e3o para a Amaz\u00f4nia, as duas maiores dificuldades da Igreja na Amaz\u00f4nia s\u00e3o a falta de recursos humanos e econ\u00f4micos. Para responder a estes dois desafios \u00e9 que se criou a Semana Mission\u00e1ria que ser\u00e1 realizada pela primeira vez este ano. Durante a Semana, por\u00e9m, n\u00e3o haver\u00e1 coleta para a Amaz\u00f4nia. Quem desejar dever\u00e1 fazer oferta espontaneamente.<\/p>\n<h4 style=\"text-align: justify\">Evangeliza\u00e7\u00e3o<\/h4>\n<p style=\"text-align: justify\">Dom Possamai acredita que a educa\u00e7\u00e3o da f\u00e9, tema da 3a. SBC, precisa de uma \u201creviravolta\u201d e lembrou que muitas comunidades da Amaz\u00f4nia est\u00e3o \u201csecularmente\u201d privadas da mesa da Palavra e da mesa da Eucaristia. A causa pode ser, segundo o bispo, \u201cdevido a uma Igreja instalada na comodidade, estancada em exig\u00eancias legais e indiferente perante os gritos dos pobres, comportamento este que a impede de inaugurar um processo parecido com o seguido por Jesus no caminho de Ema\u00fas\u201d.<\/p>\n<p style=\"text-align: justify\">\u201cContinuamos sendo uma Igreja mais inclinada a apelar para fidelidade a leis, a tradi\u00e7\u00f5es, \u00e0 disciplina; uma Igreja fechada sobre si mesma, alheia \u00e0s necessidades de outras. S\u00e3o leis com tonalidade farisaica pois excluem numerosos, privilegiam o s\u00e1bado e colocam em segundo plano o povo carente dos alimentos substanciais para viver: a Palavra e a Eucaristia\u201d, acrescentou dom Possamai.<\/p>\n<h4 style=\"text-align: justify\"><a href=\"http:\/\/cnbbjoomla.sitesparresia.com\/wp-content\/uploads\/sites\/85\/2009\/10\/files_4ad0fc5c099b0.doc\" target=\"_blank\" rel=\"noopener\">Clique aqui para ler a palestra de dom Ant\u00f4nio Possamai.<\/a><\/h4>\n","protected":false},"excerpt":{"rendered":"<p>A Amaz\u00f4nia tamb\u00e9m teve voz na 3\u00aa Semana Brasileira de Catequese (SBC). O bispo em\u00e9rito de Ji-Paran\u00e1 e vice-presidente da Comiss\u00e3o Episcopal para a Amaz\u00f4nia da CNBB, dom Ant\u00f4nio Possamai, apresentou aos participantes do evento os projetos da Comiss\u00e3o para a Amaz\u00f4nia, da CNBB\u00a0 no final da tarde deste s\u00e1bado, 10, em Itaici (SP).<\/p>\n","protected":false},"author":83,"featured_media":10137,"comment_status":"open","ping_status":"open","sticky":false,"template":"","format":"standard","meta":{"site-sidebar-layout":"default","site-content-layout":"default","ast-global-header-display":"","ast-banner-title-visibility":"","ast-main-header-display":"","ast-hfb-above-header-display":"","ast-hfb-below-header-display":"","ast-hfb-mobile-header-display":"","site-post-title":"","ast-breadcrumbs-content":"","ast-featured-img":"","footer-sml-layout":"","theme-transparent-header-meta":"","adv-header-id-meta":"","stick-header-meta":"","header-above-stick-meta":"","header-main-stick-meta":"","header-below-stick-meta":""},"categories":[925],"tags":[],"acf":[],"_links":{"self":[{"href":"https:\/\/www.cnbb.org.br\/cnbb-app\/wp\/v2\/posts\/10136"}],"collection":[{"href":"https:\/\/www.cnbb.org.br\/cnbb-app\/wp\/v2\/posts"}],"about":[{"href":"https:\/\/www.cnbb.org.br\/cnbb-app\/wp\/v2\/types\/post"}],"author":[{"embeddable":true,"href":"https:\/\/www.cnbb.org.br\/cnbb-app\/wp\/v2\/users\/83"}],"replies":[{"embeddable":true,"href":"https:\/\/www.cnbb.org.br\/cnbb-app\/wp\/v2\/comments?post=10136"}],"version-history":[{"count":0,"href":"https:\/\/www.cnbb.org.br\/cnbb-app\/wp\/v2\/posts\/10136\/revisions"}],"wp:featuredmedia":[{"embeddable":true,"href":"https:\/\/www.cnbb.org.br\/cnbb-app\/wp\/v2\/media\/10137"}],"wp:attachment":[{"href":"https:\/\/www.cnbb.org.br\/cnbb-app\/wp\/v2\/media?parent=10136"}],"wp:term":[{"taxonomy":"category","embeddable":true,"href":"https:\/\/www.cnbb.org.br\/cnbb-app\/wp\/v2\/categories?post=10136"},{"taxonomy":"post_tag","embeddable":true,"href":"https:\/\/www.cnbb.org.br\/cnbb-app\/wp\/v2\/tags?post=10136"}],"curies":[{"name":"wp","href":"https:\/\/api.w.org\/{rel}","templated":true}]}}