{"id":10152,"date":"2008-06-24T00:00:00","date_gmt":"2008-06-24T03:00:00","guid":{"rendered":"https:\/\/www.cnbb.org.br\/amazonia-uma-riqueza-a-ser-preservada\/"},"modified":"2020-03-11T16:17:41","modified_gmt":"2020-03-11T19:17:41","slug":"amazonia-uma-riqueza-a-ser-preservada","status":"publish","type":"post","link":"https:\/\/www.cnbb.org.br\/amazonia-uma-riqueza-a-ser-preservada\/","title":{"rendered":"Amaz\u00f4nia \u2013 uma riqueza a ser preservada"},"content":{"rendered":"<h4 style=\"text-align: justify\">Amaz\u00f4nia a grande quest\u00e3o<\/h4>\n<p style=\"text-align: justify\">A Amaz\u00f4nia tem sido, ultimamente, palco de aten\u00e7\u00f5es de muitas pessoas, n\u00e3o s\u00f3 de ambientalistas, mas tamb\u00e9m dos cientistas, que estudam o efeito da devasta\u00e7\u00e3o que trar\u00e1 para a humanidade, se as ind\u00fastrias, as madeireiras, os agricultores, os criadores de bois, os garimpeiros e todas as empresas multinacionais continuarem com a a\u00e7\u00e3o depredat\u00f3ria da natureza, com o \u00fanico intuito de explorar e extrair as mat\u00e9rias primas, desocupar a \u00e1rea com queimadas para a pastagem ou plantio de soja, sem pensar nas conseq\u00fc\u00eancias.<\/p>\n<p><!--more--><\/p>\n<p style=\"text-align: justify\">Amaz\u00f4nia \u2013 \u201ca \u00faltima \u00e1rea natural do planeta est\u00e1 sendo comida por n\u00f3s. Sim, comida! A carne bovina e a soja, presentes no nosso cotidiano, t\u00eam o papel relevante na promo\u00e7\u00e3o deste caos. As nossas decis\u00f5es de consumo est\u00e3o levando embora a mais rica floresta do planeta, cujas conseq\u00fc\u00eancias afetam a humanidade toda. A biodiversidade, o clima e a perda de na\u00e7\u00f5es ind\u00edgenas s\u00e3o quest\u00f5es planet\u00e1rias e irrevers\u00edveis\u201d.<\/p>\n<p style=\"text-align: justify\">O progresso, o desenvolvimento, o conceito de civiliza\u00e7\u00e3o criaram a cultura da produ\u00e7\u00e3o, promovendo a sociedade de consumo na l\u00f3gica da compra e venda, esquecendo-se que nem tudo tem a dura\u00e7\u00e3o eterna. O futuro da Terra n\u00e3o \u00e9 t\u00e3o promissor, sobretudo para uma maioria. As chamadas constantes alertam o governo e a sociedade brasileira para uma medida, que contenha o desmatamento: \u201cO Brasil j\u00e1 derrubou 16,3% da Amaz\u00f4nia\u201d- \u00e1rea equivalente aos territ\u00f3rios da Franca e de Portugal . Os pesquisadores e cientistas nos alertam que, se continuar no ritmo atual de desmatamento bastar\u00e3o 50 anos para transformar a Amaz\u00f4nia em cerrado, comprometido pelo aquecimento global. O problema, por\u00e9m, n\u00e3o \u00e9 apenas a Amaz\u00f4nia se transformar em cerrado, afirmam os pesquisadores. A desertifica\u00e7\u00e3o do norte do pa\u00eds, pode afetar drasticamente o sistema hidrol\u00f3gico do continente, criando grandes \u00e1reas secas nas regi\u00f5es Centro-Oeste, Sudeste e Sul do pa\u00eds.<\/p>\n<h4 style=\"text-align: justify\">Nova compreens\u00e3o da Amaz\u00f4nia<\/h4>\n<p style=\"text-align: justify\">A Amaz\u00f4nia, por\u00e9m, n\u00e3o precisa seguir o destino da Mata Atl\u00e2ntica, a Caatinga e o Cerrado. Uma nova forma de compreens\u00e3o da Amaz\u00f4nia por todos os brasileiros, mas sobretudo pelas Comunidades da Amaz\u00f4nia e pelo pr\u00f3prio amaz\u00f4nida na organiza\u00e7\u00e3o e decis\u00e3o de suas prioridades, poderia reverter a situa\u00e7\u00e3o.<\/p>\n<p style=\"text-align: justify\">\u00c9 preciso descobrir e encarar a Amaz\u00f4nia como fonte inesgot\u00e1vel de vida, como heran\u00e7a verdadeira e viva. A hist\u00f3ria dos 500 anos aponta para o que devemos evitar para que a VIDA n\u00e3o pere\u00e7a.<\/p>\n<p style=\"text-align: justify\">Acabamos com as florestas do Nordeste. Mais de 95% da mata desapareceu no Rio Grande do Sul. Grandes matas de arauc\u00e1rias, cedros, angicos, ip\u00eas e timba\u00favas tombaram em substitui\u00e7\u00e3o de grandes lavouras e pastagens de bois. Depois foi a vez do Paran\u00e1 com a derrubada da floresta de pinheiros, seguida do Mato Grosso e Santa Catarina. Em 1970, come\u00e7ou a vez do norte. Um milh\u00e3o de brasileiros peregrinaram pela BR 364 em dire\u00e7\u00e3o ao Acre e Rond\u00f4nia, martirizando \u00edndios e derrubando florestas, sem falar do Par\u00e1, considerado, hoje, uma das regi\u00f5es mais dilaceradas e devoradas n\u00e3o s\u00f3 pela voracidade dos estrangeiros como tamb\u00e9m dos brasileiros.<\/p>\n<p style=\"text-align: justify\">\u201c\u00c9 preciso desmobilizar a bomba-rel\u00f3gio que causa o desmatamento e a queimada, o contrabando, o tr\u00e1fico de drogas e de animais, o roubo do mito, do sonho, do solo, do peixe, do ouro e da madeira\u201d.<\/p>\n<h4 style=\"text-align: justify\">A vida em perigo<\/h4>\n<p style=\"text-align: justify\">H\u00e1 muito ouvimos: o Planeta Terra est\u00e1 gravemente enfermo, a vida est\u00e1 em perigo. A Amaz\u00f4nia, o maior conjunto cont\u00ednuo de florestas tropicais do planeta, se destru\u00edda, mesmo parcialmente, pode acarretar desequil\u00edbrio total do ecossistema, amea\u00e7ando a sobreviv\u00eancia da pr\u00f3pria esp\u00e9cie humana. No entanto, a maioria dos homens e mulheres n\u00e3o conseguiu acordar diante de um desastre iminente, prestes a acontecer caso n\u00e3o haja uma mobiliza\u00e7\u00e3o por parte de todos. N\u00e3o ser\u00e1 apenas um grupo a salvar o Planeta Terra, mas a consci\u00eancia de todos, despertados para a necessidade de mudar de atitude, instaurando uma nova plataforma de rela\u00e7\u00e3o com Deus e com a natureza, entendendo a \u201chumanidade como parte de um vasto universo em evolu\u00e7\u00e3o\u201d, e a \u201cTerra como nosso lar, viva\u201d. Sentir, afinal, que somos um com ela. Neste sentido, urge uma nova \u00e9tica e uma nova espiritualidade que nos ajudem a construir um novo pensamento e uma nova atitude existencial. Nossa filosofia foi longamente dominada pelo antropocentrismo, segundo o qual o ser humano se considerava o dono absoluto e sem limites da cria\u00e7\u00e3o, jogando-se na explora\u00e7\u00e3o desenfreada dos recursos naturais, na ilus\u00e3o de que durassem eternamente.<\/p>\n<h4 style=\"text-align: justify\">Miss\u00e3o da Comiss\u00e3o Episcopal para a Amaz\u00f4nia<\/h4>\n<p style=\"text-align: justify\">A Comiss\u00e3o Episcopal para a Amaz\u00f4nia preocupa-se com a dimens\u00e3o religiosa e mission\u00e1ria da Amaz\u00f4nia, bem como com a quest\u00e3o da soberania, da brasilidade, do patrim\u00f4nio que deve constituir a Amaz\u00f4nia preservada, com seus benef\u00edcios que podem se estender \u00e0 humanidade. Urge, por isso, uma a\u00e7\u00e3o que desperte todos os brasileiros para a quest\u00e3o do Meio Ambiente e da Ecologia. A Igreja tem a miss\u00e3o de dar a sua contribui\u00e7\u00e3o,somando assim, a sua voz a de todos os Grupos, Ong&#8217;s, Institui\u00e7\u00f5es que lutam pela preserva\u00e7\u00e3o daquilo que Deus criou para todos os seres vivos, como fonte de vida.<\/p>\n<p style=\"text-align: justify\">As Igrejas amaz\u00f4nicas buscam o seu rosto amaz\u00f4nico, conscientes de que a Amaz\u00f4nia \u00e9 constitu\u00edda por muitas Amaz\u00f4nias. A incultura\u00e7\u00e3o da f\u00e9 passa por diversas culturas: culturas ind\u00edgenas, cultura dos negros, seringueiros, lavradores, ribeirinhos, pescadores, culturas dos migrantes e cultura moderna.<\/p>\n<p style=\"text-align: justify\">\u00c9 a op\u00e7\u00e3o da Igreja que se faz cada vez mais clara na organiza\u00e7\u00e3o e apoio \u00e0s v\u00e1rias iniciativas de realiza\u00e7\u00e3o como verdadeira participa\u00e7\u00e3o e solidariedade. Isso vale ainda mais, considerando que esta regi\u00e3o \u00e9 um lugar onde as injusti\u00e7as s\u00e3o gritantes, pela explora\u00e7\u00e3o do latif\u00fandio, a nega\u00e7\u00e3o dos direitos dos \u00edndios e o assassinato, a viol\u00eancia da pol\u00edcia e a coniv\u00eancia do judici\u00e1rio.<\/p>\n<p style=\"text-align: justify\">Sinal vis\u00edvel de que a presen\u00e7a do evangelho \u00e9 semente nas v\u00e1rias comunidades s\u00e3o as iniciativas e organiza\u00e7\u00f5es como a dos ribeirinhos na luta pela preserva\u00e7\u00e3o dos rios e dos lagos, como forma concreta de preservar a vida; a organiza\u00e7\u00e3o das comunidades ind\u00edgenas, atrav\u00e9s do CIMI, na luta pela demarca\u00e7\u00e3o de suas terras, pelos seus direitos e o resgate de suas identidades culturais; os povos ind\u00edgenas e trabalhadores do campo e da cidade, que se d\u00e3o as m\u00e3os, buscando reverter a situa\u00e7\u00e3o de ilegalidade e impunidade; e a presen\u00e7a mission\u00e1ria dos religiosos e das religiosas, nestas \u00e1reas, como testemunho e profecia, introduzindo a todos na comunidade dos seguidores de Cristo, a servi\u00e7o da vida.<\/p>\n<p style=\"text-align: justify\">Entre outros tra\u00e7os, a Comiss\u00e3o Episcopal para a Amaz\u00f4nia se solidariza com as Igrejas da Amaz\u00f4nia na busca de seu rosto \u201cIgreja: Irm\u00e3 da Cria\u00e7\u00e3o\u201d, unindo-se aos povos da floresta em sua contempla\u00e7\u00e3o do Deus da vida, que manifesta o seu amor maternal na terra, no c\u00e9u estrelado, no mist\u00e9rio das matas e dos rios. Acredita que toda a cria\u00e7\u00e3o, sacramento vivo da presen\u00e7a e do amor de Deus, participa da reden\u00e7\u00e3o do Cristo que, por sua P\u00e1scoa, reconcilia o universo. Convoca todos os homens e mulheres a cuidarem do Planeta como sua casa comum. Denuncia, com as Igrejas da Amaz\u00f4nia, todos os fatores que provocam a destrui\u00e7\u00e3o da natureza causando a injusti\u00e7a social e a depend\u00eancia econ\u00f4mica, e une a defesa da justi\u00e7a social \u00e0 salvaguarda da cria\u00e7\u00e3o.<\/p>\n<h4 style=\"text-align: justify\">Olhar retrospectivo em vista do futuro<\/h4>\n<p style=\"text-align: justify\">O passado dos homens e das mulheres foi escrito pela domina\u00e7\u00e3o da natureza. O ser humano primitivo tinha medo das for\u00e7as naturais. Sabemos de mitos que povoaram, por tantos s\u00e9culos, o imagin\u00e1rio das popula\u00e7\u00f5es com os deuses que estes invocaram como mediadores para aplacar as for\u00e7as incontrol\u00e1veis da natureza, que limitavam os espa\u00e7os de liberdade. Por milhares de anos, a humanidade conseguiu viver no planeta sem destru\u00ed-lo, sem prejudic\u00e1-lo, mas, poucos s\u00e9culos foram suficientes para que a ordem das coisas se invertesse. As pessoas, aos poucos, passaram da condi\u00e7\u00e3o de dominados \u00e0 condi\u00e7\u00e3o de dominadores. N\u00e3o no sentido, por\u00e9m, da B\u00edblia, que coloca o ser humano, como filhos e filhas de Deus, feitos \u00e0 sua imagem e semelhan\u00e7a, com a miss\u00e3o de ser seus colaboradores atrav\u00e9s do zelo, cuidado de toda a cria\u00e7\u00e3o.<\/p>\n<p style=\"text-align: justify\">A l\u00f3gica do sistema que domina a produ\u00e7\u00e3o \u00e9 dispor de todas as formas de tecnologias para produzir, custe o que custar, avan\u00e7ando na perigosa escalada da explora\u00e7\u00e3o da terra, supondo que os recursos s\u00e3o inesgot\u00e1veis. O dom\u00ednio da natureza se transforma em risco de destrui\u00e7\u00e3o da natureza. O ser humano tem hoje o poder sinistro de destruir o lar que Deus preparara para seus filhos e filhas e cuja preserva\u00e7\u00e3o lhes confiara.<\/p>\n<p style=\"text-align: justify\">A Campanha da Fraternidade \u20132004 refletiu sobre a \u00c1gua, fonte de e da vida. Not\u00edcias sobre nossos rios e lagoas onde morrem toneladas de peixes pelos dejetos industriais foram divulgadas. Enquanto algumas regi\u00f5es s\u00e3o assoladas pelas estiagens, outras foram arrasadas por inunda\u00e7\u00f5es. Falou-se sobremaneira sobre a qualidade da \u00e1gua, da escassez iminente, caso n\u00e3o haja cuidados devidos pela sua preserva\u00e7\u00e3o atrav\u00e9s da economia racional.<\/p>\n<p style=\"text-align: justify\">O nosso ar, nos centros urbanos, atinge n\u00edveis alarmantes e quase insuport\u00e1veis de polui\u00e7\u00e3o, gerando v\u00e1rias doen\u00e7as de pulm\u00e3o, de c\u00e2ncer de pele, dentre outras.<\/p>\n<p style=\"text-align: justify\">Mais de dois ter\u00e7os da \u00e1rea florestal do mundo foram sacrificados em favor da produ\u00e7\u00e3o. Em 1850, ainda existia 80% da floresta brasileira. Em 1935 baixava para 26%. J\u00e1 em 1962 contava apenas com 13%. Hoje, resta menos de 3% da nossa floresta.<\/p>\n<p style=\"text-align: justify\">E a preocupa\u00e7\u00e3o com a extin\u00e7\u00e3o das esp\u00e9cies animais? De 1600 at\u00e9 hoje, 162 esp\u00e9cies de aves foram exterminadas pelo ser humano. Uma centena de esp\u00e9cies de mam\u00edferos desapareceu e 225 est\u00e3o em vias de desaparecimento. Cerca de 1000 esp\u00e9cies de animais selvagens s\u00e3o considerados raros e em via de extin\u00e7\u00e3o.<\/p>\n<h4 style=\"text-align: justify\">\u00c0 guisa de conclus\u00e3o<\/h4>\n<p style=\"text-align: justify\">Tudo o que existe e vive precisa ser cuidado para continuar a existir e a viver: uma planta, um animal, uma crian\u00e7a, um idoso, o planeta Terra.<\/p>\n<p style=\"text-align: justify\">O agricultores precisam ser criativos sem ferir a terra. Os t\u00e9cnicos devem ser educadores, cultivando no povo o amor \u00e0 Terra. As comunidades agradecidas e alegres, celebrando a liturgia fora dos templos, \u00e0 sombra das \u00e1rvores, animadas pelo canto dos p\u00e1ssaros, com muito cheiro de terra, devem devotar-lhe todo o cuidado. Neste processo de nova rela\u00e7\u00e3o com o universo, o homem e a mulher s\u00e3o chamados a conviverem com as outras criaturas com a miss\u00e3o de defend\u00ea-las na harmonia do todo.<\/p>\n<p style=\"text-align: justify\">Somos convocados por Deus, em nome da vida, a selar uma alian\u00e7a de fraternidade para defender a cria\u00e7\u00e3o agonizante, e trabalhar para resgatar o respeito e o cuidado pela Terra, gestando uma nova civiliza\u00e7\u00e3o planet\u00e1ria, que coloque em primeiro lugar um \u00fanico princ\u00edpio absoluto: a vida. Mais do que preocupar-se com o desenvolvimento sustent\u00e1vel da Amaz\u00f4nia, importa construir uma vida sustent\u00e1vel.<\/p>\n<h4 style=\"text-align: right\">Dom Jayme Henrique Chemello<br \/>\nPresidente da Comiss\u00e3o Episcopal para a Amaz\u00f4nia<\/h4>\n<p style=\"text-align: justify\"><span style=\"font-size: 8pt\">Meirelles Filho, AMAZ\u00d4NIA, mitos e verdades sobre a regi\u00e3o mais cobi\u00e7ada do mundo, Ediouro, 2004<br \/>\nIdem<br \/>\n\u201cA terra \u00e9 um planeta que est\u00e1 morrendo!&#8230; Dram\u00e1tica e alarmante, essa afirma\u00e7\u00e3o; lamentavelmente, n\u00e3o \u00e9 fruto da fic\u00e7\u00e3o cient\u00edfica; ao contr\u00e1rio, baseia-se em fatos amplamente discutidos e divulgados, em escala mundial, durante os \u00faltimos trinta anos. Na sua f\u00faria para adquirir alimentos, morada, prote\u00e7\u00f5es as mais diversas e toda a sorte de confortos materiais, o ser humano vem, h\u00e1 dois milh\u00f5es de anos, transformando e desequilibrando a biosfera, uma t\u00eanue \u2013 e at\u00e9 agora \u00fanica &#8211; pel\u00edcula de vida desse imenso universo, da qual tamb\u00e9m faz parte como esp\u00e9cie animal\u201d(Prof. Jos\u00e9 Maria de Almeida J\u00fanior).<br \/>\nCf. A Igreja se faz carne e arma sua tenda na Amaz\u00f4nia, Documento de Manaus (1997)<br \/>\ncf. idem<br \/>\nGn 2,15<br \/>\nO ser humano n\u00e3o est\u00e1 em paz nem mesmo com a natureza e nisto ele est\u00e1 destinado a sofrer desastrosa derrota em termos de habitat. Sa\u00fade e qualidade de vida. O principal problema n\u00e3o \u00e9, como geralmente se acredita, o esgotamento dos recursos n\u00e3o renov\u00e1veis (petr\u00f3leo, carv\u00e3o);os perigos mais graves dizem respeito aos t\u00e3o falados recursos renov\u00e1veis e a \u00e1rea priorit\u00e1ria est\u00e1 na degrada\u00e7\u00e3o progressiva da biomassa. Um exemplo \u00e9 a destrui\u00e7\u00e3o inconsciente das florestas tropicais. Outro \u00e9 a acelerada extin\u00e7\u00e3o de plantas e animais&#8230; Motivados por gula, capricho, neglig\u00eancia ou ignor\u00e2ncia, o ser humano emprega sua ci\u00eancia e poder para matar e corromper tudo que a vida levou bilh\u00f5es de anos para criar e aperfei\u00e7oar.<\/span><\/p>\n","protected":false},"excerpt":{"rendered":"<p>Amaz\u00f4nia a grande quest\u00e3o A Amaz\u00f4nia tem sido, ultimamente, palco de aten\u00e7\u00f5es de muitas pessoas, n\u00e3o s\u00f3 de ambientalistas, mas tamb\u00e9m dos cientistas, que estudam o efeito da devasta\u00e7\u00e3o que trar\u00e1 para a humanidade, se as ind\u00fastrias, as madeireiras, os agricultores, os criadores de bois, os garimpeiros e todas as empresas multinacionais continuarem com a &hellip;<\/p>\n<p class=\"read-more\"> <a class=\"\" href=\"https:\/\/www.cnbb.org.br\/amazonia-uma-riqueza-a-ser-preservada\/\"> <span class=\"screen-reader-text\">Amaz\u00f4nia \u2013 uma riqueza a ser preservada<\/span> Leia mais &raquo;<\/a><\/p>\n","protected":false},"author":83,"featured_media":0,"comment_status":"open","ping_status":"open","sticky":false,"template":"","format":"standard","meta":{"site-sidebar-layout":"default","site-content-layout":"default","ast-global-header-display":"","ast-banner-title-visibility":"","ast-main-header-display":"","ast-hfb-above-header-display":"","ast-hfb-below-header-display":"","ast-hfb-mobile-header-display":"","site-post-title":"","ast-breadcrumbs-content":"","ast-featured-img":"","footer-sml-layout":"","theme-transparent-header-meta":"","adv-header-id-meta":"","stick-header-meta":"","header-above-stick-meta":"","header-main-stick-meta":"","header-below-stick-meta":""},"categories":[925],"tags":[],"acf":[],"_links":{"self":[{"href":"https:\/\/www.cnbb.org.br\/cnbb-app\/wp\/v2\/posts\/10152"}],"collection":[{"href":"https:\/\/www.cnbb.org.br\/cnbb-app\/wp\/v2\/posts"}],"about":[{"href":"https:\/\/www.cnbb.org.br\/cnbb-app\/wp\/v2\/types\/post"}],"author":[{"embeddable":true,"href":"https:\/\/www.cnbb.org.br\/cnbb-app\/wp\/v2\/users\/83"}],"replies":[{"embeddable":true,"href":"https:\/\/www.cnbb.org.br\/cnbb-app\/wp\/v2\/comments?post=10152"}],"version-history":[{"count":0,"href":"https:\/\/www.cnbb.org.br\/cnbb-app\/wp\/v2\/posts\/10152\/revisions"}],"wp:attachment":[{"href":"https:\/\/www.cnbb.org.br\/cnbb-app\/wp\/v2\/media?parent=10152"}],"wp:term":[{"taxonomy":"category","embeddable":true,"href":"https:\/\/www.cnbb.org.br\/cnbb-app\/wp\/v2\/categories?post=10152"},{"taxonomy":"post_tag","embeddable":true,"href":"https:\/\/www.cnbb.org.br\/cnbb-app\/wp\/v2\/tags?post=10152"}],"curies":[{"name":"wp","href":"https:\/\/api.w.org\/{rel}","templated":true}]}}