{"id":10160,"date":"2010-04-26T00:00:00","date_gmt":"2010-04-26T03:00:00","guid":{"rendered":"https:\/\/www.cnbb.org.br\/entidades-promovem-o-1o-seminario-nacional-da-amazonia\/"},"modified":"2020-03-11T16:17:18","modified_gmt":"2020-03-11T19:17:18","slug":"entidades-promovem-o-1o-seminario-nacional-da-amazonia","status":"publish","type":"post","link":"https:\/\/www.cnbb.org.br\/entidades-promovem-o-1o-seminario-nacional-da-amazonia\/","title":{"rendered":"Entidades promovem o 1\u00ba Semin\u00e1rio Nacional da Amaz\u00f4nia"},"content":{"rendered":"<p style=\"text-align: justify\">O F\u00f3rum Nacional pela Reforma Agr\u00e1ria e Justi\u00e7a no Campo (FNRA) realiza, em Bel\u00e9m (PA), o 1\u00ba Semin\u00e1rio Nacional da Amaz\u00f4nia, com o tema \u201cOs impactos dos grandes projetos na Amaz\u00f4nia e as mudan\u00e7as na legisla\u00e7\u00e3o ambiental e fundi\u00e1ria\u201d.<\/p>\n<p><!--more--><\/p>\n<p style=\"text-align: justify\">A programa\u00e7\u00e3o inicia-se hoje, 26, no hotel Beira Rio. O Semin\u00e1rio Nacional tem como objetivo envolver as v\u00e1rias organiza\u00e7\u00f5es e entidades atuantes na Amaz\u00f4nia, em uma ampla discuss\u00e3o sobre os impactos dos grandes projetos na regi\u00e3o, assim como promover o debate e a tomada de decis\u00f5es coletivas sobre as medidas que v\u00e3o de encontro \u00e0s mudan\u00e7as na legisla\u00e7\u00e3o ambiental e fundi\u00e1ria na Amaz\u00f4nia Legal.<\/p>\n<p style=\"text-align: justify\">Estar\u00e3o presentes: o bispo prelado do Xingu e presidente do Conselho Indigenista Mission\u00e1rio (CIMI), Dom Erwin Krautler; o representante da Via Campesina, Jos\u00e9 Batista; o representante da C\u00e1ritas Regional Norte 2 (Par\u00e1 e Amap\u00e1); Lindomar Silva; o coordenador nacional do Movimento dos Atingidos por Barragens (MAB), Rog\u00e9rio Hon; o coordenador estadual do Movimento dos Sem Terra do estado do Par\u00e1, Ulisses Mana\u00e7as; o secret\u00e1rio de pol\u00edticas agr\u00e1rias da Confedera\u00e7\u00e3o Nacional dos Trabalhadores na Agricultura (Contag), Willian Clementino da Silva e um dos coordenadores nacionais da Comiss\u00e3o Pastoral da Terra (CPT), Edmundo Rodrigues Costa.<\/p>\n<p style=\"text-align: justify\">Organizado pelo FNRA, o encontro reunir\u00e1 cerca de 150 lideran\u00e7as, entre comunidades tradicionais, estudiosos, universit\u00e1rios, ambientalistas, agentes p\u00fablicos e representantes de entidades da sociedade civil, movimentos e pastorais sociais que atuam em prol da reforma agr\u00e1ria e da justi\u00e7a no campo e em defesa da floresta Amaz\u00f4nica.<\/p>\n<p style=\"text-align: justify\">O Semin\u00e1rio Nacional da Amaz\u00f4nia ocorrer\u00e1 entre os dias 26 e 29 de abril, em Bel\u00e9m (PA), no Beira Rio Hotel.<\/p>\n","protected":false},"excerpt":{"rendered":"<p>O F\u00f3rum Nacional pela Reforma Agr\u00e1ria e Justi\u00e7a no Campo (FNRA) realiza, em Bel\u00e9m (PA), o 1\u00ba Semin\u00e1rio Nacional da Amaz\u00f4nia, com o tema \u201cOs impactos dos grandes projetos na Amaz\u00f4nia e as mudan\u00e7as na legisla\u00e7\u00e3o ambiental e fundi\u00e1ria\u201d.<\/p>\n","protected":false},"author":83,"featured_media":10161,"comment_status":"open","ping_status":"open","sticky":false,"template":"","format":"standard","meta":{"site-sidebar-layout":"default","site-content-layout":"default","ast-global-header-display":"","ast-banner-title-visibility":"","ast-main-header-display":"","ast-hfb-above-header-display":"","ast-hfb-below-header-display":"","ast-hfb-mobile-header-display":"","site-post-title":"","ast-breadcrumbs-content":"","ast-featured-img":"","footer-sml-layout":"","theme-transparent-header-meta":"","adv-header-id-meta":"","stick-header-meta":"","header-above-stick-meta":"","header-main-stick-meta":"","header-below-stick-meta":""},"categories":[925],"tags":[],"acf":[],"_links":{"self":[{"href":"https:\/\/www.cnbb.org.br\/cnbb-app\/wp\/v2\/posts\/10160"}],"collection":[{"href":"https:\/\/www.cnbb.org.br\/cnbb-app\/wp\/v2\/posts"}],"about":[{"href":"https:\/\/www.cnbb.org.br\/cnbb-app\/wp\/v2\/types\/post"}],"author":[{"embeddable":true,"href":"https:\/\/www.cnbb.org.br\/cnbb-app\/wp\/v2\/users\/83"}],"replies":[{"embeddable":true,"href":"https:\/\/www.cnbb.org.br\/cnbb-app\/wp\/v2\/comments?post=10160"}],"version-history":[{"count":0,"href":"https:\/\/www.cnbb.org.br\/cnbb-app\/wp\/v2\/posts\/10160\/revisions"}],"wp:featuredmedia":[{"embeddable":true,"href":"https:\/\/www.cnbb.org.br\/cnbb-app\/wp\/v2\/media\/10161"}],"wp:attachment":[{"href":"https:\/\/www.cnbb.org.br\/cnbb-app\/wp\/v2\/media?parent=10160"}],"wp:term":[{"taxonomy":"category","embeddable":true,"href":"https:\/\/www.cnbb.org.br\/cnbb-app\/wp\/v2\/categories?post=10160"},{"taxonomy":"post_tag","embeddable":true,"href":"https:\/\/www.cnbb.org.br\/cnbb-app\/wp\/v2\/tags?post=10160"}],"curies":[{"name":"wp","href":"https:\/\/api.w.org\/{rel}","templated":true}]}}