{"id":10171,"date":"2010-07-07T00:00:00","date_gmt":"2010-07-07T03:00:00","guid":{"rendered":"https:\/\/www.cnbb.org.br\/reuniao-do-cimi-debate-projeto-que-cria-rede-de-radios-na-amazonia\/"},"modified":"2020-03-11T16:17:14","modified_gmt":"2020-03-11T19:17:14","slug":"reuniao-do-cimi-debate-projeto-que-cria-rede-de-radios-na-amazonia","status":"publish","type":"post","link":"https:\/\/www.cnbb.org.br\/reuniao-do-cimi-debate-projeto-que-cria-rede-de-radios-na-amazonia\/","title":{"rendered":"Reuni\u00e3o do CIMI debate projeto que cria rede de R\u00e1dios na Amaz\u00f4nia"},"content":{"rendered":"<p style=\"text-align: justify\">Est\u00e1 reunida em Luzi\u00e2nia (GO), de 7 a 10, a dire\u00e7\u00e3o do Conselho Indigenista Mission\u00e1rio (CIMI) para refletir a quest\u00e3o ind\u00edgena no Brasil e preparar o lan\u00e7amento do relat\u00f3rio anual sobre as viol\u00eancias sofridas pelos povos ind\u00edgenas no pa\u00eds, que ser\u00e1 divulgado na pr\u00f3xima sexta-feira, 9, na sede da Confer\u00eancia Nacional dos Bispos do Brasil (CNBB), em Bras\u00edlia.<\/p>\n<p><!--more--><\/p>\n<p style=\"text-align: justify\">Aproveitando a reuni\u00e3o do Conselho, os padres jesu\u00edtas, Fernando Lopez e Guilhermo Cardona, e o t\u00e9cnico em comunica\u00e7\u00e3o, Hugo Ram\u00edrez, representando a entidade equatoriana criada para integrar e educar, via r\u00e1dio, as comunidades amaz\u00f4nicas, Asociaci\u00f3n Latinoamericana de Educaci\u00f3n Radiof\u00f3nica (ALER), apresentaram o projeto \u201cR\u00e1dio Barco Amaz\u00f4nico\u201d.<\/p>\n<p style=\"text-align: justify\">O projeto consiste na forma\u00e7\u00e3o de uma rede de r\u00e1dios, via sat\u00e9lite, com 40 r\u00e1dios cadastradas nas fronteiras amaz\u00f4nicas (Equador, Col\u00f4mbia, Venezuela, Brasil, Bol\u00edvia e Peru), para que os povos dessas regi\u00f5es conhe\u00e7am o que acontece em cada lado das fronteiras e\u00a0 troquem informa\u00e7\u00f5es, como quest\u00f5es clim\u00e1ticas e florestais, migra\u00e7\u00e3o dos peixes, queimadas, entre outros.<\/p>\n<p style=\"text-align: center\"><img decoding=\"async\" loading=\"lazy\" class=\" size-full wp-image-5348\" src=\"https:\/\/www.cnbb.org.br\/wp-content\/uploads\/2020\/03\/Cimi3.jpg\" alt=\"Cimi3\" width=\"555\" height=\"371\" \/><\/p>\n<p style=\"text-align: justify\">\u201cO que queremos \u00e9 favorecer o processo de comunica\u00e7\u00e3o dos povos pan-amaz\u00f4nicos, aproveitando as plataformas multim\u00eddias (r\u00e1dios, internet, TV\u2019s), e viabilizando os discursos dos ind\u00edgenas, ribeirinhos e periferias das cidades amaz\u00f4nicas, fazendo com que esses assuntos sejam debatidos, que entrem na reflex\u00e3o p\u00fablica e incidam na agenda do planeta\u201d, afirmou Hugo Ram\u00edrez.<\/p>\n<p style=\"text-align: center\"><img decoding=\"async\" loading=\"lazy\" class=\" alignright size-full wp-image-5349\" style=\"float: right\" src=\"https:\/\/www.cnbb.org.br\/wp-content\/uploads\/2020\/03\/cimi22.jpg\" alt=\"cimi22\" width=\"175\" height=\"200\" \/><\/p>\n<p style=\"text-align: justify\">O padre Fernando Lopez destaca a cria\u00e7\u00e3o do projeto \u201cR\u00e1dio Barco Amaz\u00f4nico\u201d, fala da fragmenta\u00e7\u00e3o social na Amaz\u00f4nia e da rede de r\u00e1dios itinerantes.<\/p>\n<p style=\"text-align: justify\">\u201cA fragmenta\u00e7\u00e3o social na Amaz\u00f4nia \u00e9 algo gigantesco, que deve ser sanado para que os povos amaz\u00f4nicos tenham voz. Seus questionamentos s\u00e3o muito importantes para o crescimento homog\u00eaneo do Brasil e dos outros pa\u00edses envolvidos. Assim, as equipes itinerantes ou m\u00f3veis, que a princ\u00edpio ser\u00e3o quatro, atuar\u00e3o entre as fronteiras e as comunidades. Cada equipe ser\u00e1 composta por um t\u00e9cnico em comunica\u00e7\u00e3o, via sat\u00e9lite, e um produtor. Chegando \u00e0 comunidade, a equipe monta uma base, transmite o programa, ouve as comunidades, desmonta a base e segue para outra localidade\u201d, explicou.<\/p>\n<p style=\"text-align: justify\">Para saber mais sobre o projeto \u201cR\u00e1dio Barco Amaz\u00f4nico\u201d, acesse www.aler.org ou clique <a href=\"http:\/\/aler.org\/portal\/index.php\/lineas-estrategicas\/produccion-y-programacion\/red-intercultural-amazonica-de-radios-riar\" target=\"_blank\" rel=\"noopener\">aqui!<\/a><\/p>\n<h4>Lan\u00e7amento<\/h4>\n<p style=\"text-align: justify\">O lan\u00e7amento do relat\u00f3rio que trata da viol\u00eancia contra os povos ind\u00edgenas 2009 ser\u00e1 na sede da Confer\u00eancia Nacional dos Bispos do Brasil (CNBB), \u00e0s 15h, com a presen\u00e7a do presidente e vice-presidente do Cimi, respectivamente, dom Erwin Krautler e Roberto Ant\u00f4nio Liebgott; da doutora em Antropologia pela Pontif\u00edcia Universidade Cat\u00f3lica de S\u00e3o Paulo (PUC-SP), L\u00facia Helena Rangel , coordenadora da pesquisa, e representantes do conselho da entidade.<\/p>\n","protected":false},"excerpt":{"rendered":"<p>Est\u00e1 reunida em Luzi\u00e2nia (GO), de 7 a 10, a dire\u00e7\u00e3o do Conselho Indigenista Mission\u00e1rio (CIMI) para refletir a quest\u00e3o ind\u00edgena no Brasil e preparar o lan\u00e7amento do relat\u00f3rio anual sobre as viol\u00eancias sofridas pelos povos ind\u00edgenas no pa\u00eds, que ser\u00e1 divulgado na pr\u00f3xima sexta-feira, 9, na sede da Confer\u00eancia Nacional dos Bispos do Brasil &hellip;<\/p>\n<p class=\"read-more\"> <a class=\"\" href=\"https:\/\/www.cnbb.org.br\/reuniao-do-cimi-debate-projeto-que-cria-rede-de-radios-na-amazonia\/\"> <span class=\"screen-reader-text\">Reuni\u00e3o do CIMI debate projeto que cria rede de R\u00e1dios na Amaz\u00f4nia<\/span> Leia mais &raquo;<\/a><\/p>\n","protected":false},"author":83,"featured_media":10172,"comment_status":"open","ping_status":"open","sticky":false,"template":"","format":"standard","meta":{"site-sidebar-layout":"default","site-content-layout":"default","ast-global-header-display":"","ast-banner-title-visibility":"","ast-main-header-display":"","ast-hfb-above-header-display":"","ast-hfb-below-header-display":"","ast-hfb-mobile-header-display":"","site-post-title":"","ast-breadcrumbs-content":"","ast-featured-img":"","footer-sml-layout":"","theme-transparent-header-meta":"","adv-header-id-meta":"","stick-header-meta":"","header-above-stick-meta":"","header-main-stick-meta":"","header-below-stick-meta":""},"categories":[925],"tags":[],"acf":[],"_links":{"self":[{"href":"https:\/\/www.cnbb.org.br\/cnbb-app\/wp\/v2\/posts\/10171"}],"collection":[{"href":"https:\/\/www.cnbb.org.br\/cnbb-app\/wp\/v2\/posts"}],"about":[{"href":"https:\/\/www.cnbb.org.br\/cnbb-app\/wp\/v2\/types\/post"}],"author":[{"embeddable":true,"href":"https:\/\/www.cnbb.org.br\/cnbb-app\/wp\/v2\/users\/83"}],"replies":[{"embeddable":true,"href":"https:\/\/www.cnbb.org.br\/cnbb-app\/wp\/v2\/comments?post=10171"}],"version-history":[{"count":0,"href":"https:\/\/www.cnbb.org.br\/cnbb-app\/wp\/v2\/posts\/10171\/revisions"}],"wp:featuredmedia":[{"embeddable":true,"href":"https:\/\/www.cnbb.org.br\/cnbb-app\/wp\/v2\/media\/10172"}],"wp:attachment":[{"href":"https:\/\/www.cnbb.org.br\/cnbb-app\/wp\/v2\/media?parent=10171"}],"wp:term":[{"taxonomy":"category","embeddable":true,"href":"https:\/\/www.cnbb.org.br\/cnbb-app\/wp\/v2\/categories?post=10171"},{"taxonomy":"post_tag","embeddable":true,"href":"https:\/\/www.cnbb.org.br\/cnbb-app\/wp\/v2\/tags?post=10171"}],"curies":[{"name":"wp","href":"https:\/\/api.w.org\/{rel}","templated":true}]}}