{"id":10196,"date":"2011-05-31T00:00:00","date_gmt":"2011-05-31T03:00:00","guid":{"rendered":"https:\/\/www.cnbb.org.br\/liderancas-das-cebs-de-sao-paulo-repudiam-assassinatos-de-defensores-na-amazonia\/"},"modified":"2020-03-11T16:17:08","modified_gmt":"2020-03-11T19:17:08","slug":"liderancas-das-cebs-de-sao-paulo-repudiam-assassinatos-de-defensores-na-amazonia","status":"publish","type":"post","link":"https:\/\/www.cnbb.org.br\/liderancas-das-cebs-de-sao-paulo-repudiam-assassinatos-de-defensores-na-amazonia\/","title":{"rendered":"Lideran\u00e7as das CEBs de S\u00e3o Paulo repudiam assassinatos de defensores na Amaz\u00f4nia"},"content":{"rendered":"<p style=\"text-align: justify\">Nos dias 28 e 29, a Comunidade Mois\u00e9s Libertador, na regi\u00e3o Episcopal Bel\u00e9m, em S\u00e3o Paulo (SP) acolheu representantes das Comunidades Eclesiais de Base (CEBs), dos oito sub-regionais que comp\u00f5em o Regional Sul 1 da CNBB (S\u00e3o Paulo) para sua reuni\u00e3o colegiada.<\/p>\n<p><!--more--><\/p>\n<p style=\"text-align: justify\">As lideran\u00e7as contaram com a assessoria do bispo em\u00e9rito de Blumenau (SC), dom Ang\u00e9lico S\u00e2ndalo Bernadino, que fez uma an\u00e1lise da atual conjuntura eclesial, apontando as CEBs como uma forma privilegiada de se viver a Igreja como comunidade. Apontando a necessidade de as lideran\u00e7as persistirem nesse modelo de Igreja, que est\u00e1 atenta \u00e0 realidade de seu povo e disposta a se organizar para conquistar a dignidade dos mais exclu\u00eddos.<\/p>\n<p style=\"text-align: justify\"><img decoding=\"async\" loading=\"lazy\" class=\" alignleft size-full wp-image-10063\" style=\"float: left\" title=\"Foto: Luciney Martins\" src=\"https:\/\/www.cnbb.org.br\/wp-content\/uploads\/2020\/03\/liderancascebssp2.jpg\" alt=\"liderancascebssp2\" width=\"300\" height=\"220\" \/>&#8220;As nossas identidades e miss\u00e3o se encontram e d\u00e3o-se as m\u00e3os \u00e0s causas do movimento popular, porque s\u00e3o as causas dos pobres, marginalizados, \u00e9 a causa do reino de Deus&#8221;, disse o assessor do Setor CEBs da Confer\u00eancia Nacional dos Bispos do Brasil (CNBB), S\u00e9rgio Coutinho.<\/p>\n<p style=\"text-align: justify\">Em raz\u00e3o do que o assessor da CNBB destacou, a manifesta\u00e7\u00e3o das CEBs diante dos assassinatos ocorridos em Nova Ipixuna (PA) ser\u00e1 constante. &#8220;Para n\u00f3s a morte de uma lideran\u00e7a \u00e9 uma tristeza enorme, defensores da natureza, da vida, foram assassinados covardemente, por essa direita que insiste em querer o Brasil para meia d\u00fazia. Os nossos governantes n\u00e3o conseguem garantir a dignidade das nossas lideran\u00e7as que est\u00e3o amea\u00e7adas de morte&#8221;, disse padre Severino Leite Diniz, da diocese de Lins.<\/p>\n<p style=\"text-align: justify\">A vivacidade das CEBs est\u00e1 registrada em documentos da Igreja, como o de Aparecida, em 2007 &#8211; cap\u00edtulo 5, n\u00fameros 178,179 e 180, e no Documento 92 da CNBB: &#8220;Mensagem ao Povo de Deus sobre as CEBs&#8221;, resultado do 12\u00b0 Intereclesial das CEBs, realizado em julho de 2009, em Porto Velho (RO), quando reuniu mais de tr\u00eas mil coordenadores de CEBs.<\/p>\n<p style=\"text-align: justify\">Segundo S\u00e9rgio Coutinho, as CEBs entraram nas novas Diretrizes da A\u00e7\u00e3o Evangelizadora no Brasil (2011 e 2015), que apontam cinco urg\u00eancias: Igreja em Estado permanente de miss\u00e3o; Igreja casa da inicia\u00e7\u00e3o \u00e0 vida crist\u00e3; lugar de anima\u00e7\u00e3o b\u00edblica e da vida pastoral; Igreja comunidade de comunidades; Igreja a servi\u00e7o da vida plena. O assessor apontou ainda a necessidade das CEBs se atentarem \u00e0 juventude. &#8220;Como atrair mais jovens e nos aproximarmos mais deles, em suas diversas realidades (campo, cidade, periferia?). Essa deve ser tamb\u00e9m a nossa preocupa\u00e7\u00e3o&#8221;, disse S\u00e9rgio.<\/p>\n<p style=\"text-align: justify\">Outro ponto discutido durante a assembleia foi a diminui\u00e7\u00e3o de voca\u00e7\u00f5es surgidas nas CEBs. Para Liz Marques, da coordena\u00e7\u00e3o estadual e membro da Comunidade Mois\u00e9s Libertador afirmou que os padres precisam estar mais pr\u00f3ximos da realidade do povo, como a que vive em sua comunidade com padre Omir Oliveira. Para ele, &#8220;as CEBs e a Mois\u00e9s Libertador de modo especial, \u00e9 uma comunidade que tem esse compromisso com a vida, \u00e9 uma comunidade de p\u00e9 no ch\u00e3o. As CEBs v\u00eam do povo a partir de uma proposta evang\u00e9lica, \u00e9 um jeito todo pr\u00f3prio&#8221;, disse o padre avaliando que ap\u00f3s ter acolhido a colegiada, \u00e0 Mois\u00e9s Libertador fica a certeza de que a CEB n\u00e3o est\u00e1 morrendo como tantos est\u00e3o falando, pelo contr\u00e1rio, est\u00e1 bem viva&#8221;.<\/p>\n","protected":false},"excerpt":{"rendered":"<p>Nos dias 28 e 29, a Comunidade Mois\u00e9s Libertador, na regi\u00e3o Episcopal Bel\u00e9m, em S\u00e3o Paulo (SP) acolheu representantes das Comunidades Eclesiais de Base (CEBs), dos oito sub-regionais que comp\u00f5em o Regional Sul 1 da CNBB (S\u00e3o Paulo) para sua reuni\u00e3o colegiada.<\/p>\n","protected":false},"author":83,"featured_media":10197,"comment_status":"open","ping_status":"open","sticky":false,"template":"","format":"standard","meta":{"site-sidebar-layout":"default","site-content-layout":"default","ast-global-header-display":"","ast-banner-title-visibility":"","ast-main-header-display":"","ast-hfb-above-header-display":"","ast-hfb-below-header-display":"","ast-hfb-mobile-header-display":"","site-post-title":"","ast-breadcrumbs-content":"","ast-featured-img":"","footer-sml-layout":"","theme-transparent-header-meta":"","adv-header-id-meta":"","stick-header-meta":"","header-above-stick-meta":"","header-main-stick-meta":"","header-below-stick-meta":""},"categories":[925],"tags":[],"acf":[],"_links":{"self":[{"href":"https:\/\/www.cnbb.org.br\/cnbb-app\/wp\/v2\/posts\/10196"}],"collection":[{"href":"https:\/\/www.cnbb.org.br\/cnbb-app\/wp\/v2\/posts"}],"about":[{"href":"https:\/\/www.cnbb.org.br\/cnbb-app\/wp\/v2\/types\/post"}],"author":[{"embeddable":true,"href":"https:\/\/www.cnbb.org.br\/cnbb-app\/wp\/v2\/users\/83"}],"replies":[{"embeddable":true,"href":"https:\/\/www.cnbb.org.br\/cnbb-app\/wp\/v2\/comments?post=10196"}],"version-history":[{"count":0,"href":"https:\/\/www.cnbb.org.br\/cnbb-app\/wp\/v2\/posts\/10196\/revisions"}],"wp:featuredmedia":[{"embeddable":true,"href":"https:\/\/www.cnbb.org.br\/cnbb-app\/wp\/v2\/media\/10197"}],"wp:attachment":[{"href":"https:\/\/www.cnbb.org.br\/cnbb-app\/wp\/v2\/media?parent=10196"}],"wp:term":[{"taxonomy":"category","embeddable":true,"href":"https:\/\/www.cnbb.org.br\/cnbb-app\/wp\/v2\/categories?post=10196"},{"taxonomy":"post_tag","embeddable":true,"href":"https:\/\/www.cnbb.org.br\/cnbb-app\/wp\/v2\/tags?post=10196"}],"curies":[{"name":"wp","href":"https:\/\/api.w.org\/{rel}","templated":true}]}}