{"id":10235,"date":"2012-07-04T00:00:00","date_gmt":"2012-07-04T03:00:00","guid":{"rendered":"https:\/\/www.cnbb.org.br\/bispos-se-posicionam-sobre-grandes-projetos-da-amazonia\/"},"modified":"2020-03-11T16:16:57","modified_gmt":"2020-03-11T19:16:57","slug":"bispos-se-posicionam-sobre-grandes-projetos-da-amazonia","status":"publish","type":"post","link":"https:\/\/www.cnbb.org.br\/bispos-se-posicionam-sobre-grandes-projetos-da-amazonia\/","title":{"rendered":"Bispos se posicionam sobre Grandes projetos da Amaz\u00f4nia"},"content":{"rendered":"<div style=\"text-align: justify\"><\/div>\n<p style=\"text-align: center\">\n<p style=\"text-align: justify\">Um dos problemas enfrentados hoje pelas popula\u00e7\u00f5es da Amaz\u00f4nia s\u00e3o os grandes projetos, que al\u00e9m de causarem grande impacto ao meio ambiente, geram lucros para alguns e provocam in\u00fameros impactos sociais negativos nas cidades onde est\u00e3o instalados. Esse foi o assunto principal da primeira coletiva oficial concedida \u00e0 imprensa na tarde desta ter\u00e7a-feira, 03 de julho, no Semin\u00e1rio S\u00e3o Pio X, como parte do 10\u00ba encontro dos bispos da Amaz\u00f4nia, que est\u00e1 sendo realizado em Santar\u00e9m-PA.<\/p>\n<p><!--more--><\/p>\n<div style=\"text-align: justify\"><\/div>\n<p style=\"text-align: justify\">A entrevista foi concedida por dom Jesus Maria Berdonces, bispo da prelazia de Camet\u00e1 e presidente do Regional Norte I; dom Mos\u00e9 Jo\u00e3o Pontelo, bispo da Diocese de Cruzeiro do Sul e presidente do regional Noroeste; dom Roque Paloschi, bispo da Diocese de Roraima e presidente do Regional Norte 1 e Monsenhor Raimundo Possid\u00f4nio, coordenador de Pastoral da Arquidiocese de Bel\u00e9m e historiador.<\/p>\n<div style=\"text-align: justify\"><\/div>\n<p style=\"text-align: justify\">Dom Jesus Maria Berdonces afirmou que a Amaz\u00f4nia \u00e9 tida at\u00e9 hoje como uma col\u00f4nia, aonde as pessoas v\u00eam, pegam a mat\u00e9ria prima, enriquecem e v\u00e3o embora. \u201cEsse \u00e9 um modelo capitalista pautado pelo governo para a Amaz\u00f4nia, que n\u00e3o leva em conta o povo que aqui mora. Para eles, o povo \u00e9 apenas um detalhe, que atrapalha o desenvolvimento, ressalta\u201d.<\/p>\n<div style=\"text-align: justify\"><\/div>\n<p style=\"text-align: justify\">Ele destacou que existe outro modelo defendido pela Igreja, cujo foco s\u00e3o os povos que est\u00e3o na Amaz\u00f4nia. \u201cA igreja defende o incentivo \u00e0 agricultura familiar, defende que os lucros das riquezas (minerais e vegetais) sejam deixados na Amaz\u00f4nia, e que os povos sejam ouvidos\u201d.<\/p>\n<div style=\"text-align: justify\"><\/div>\n<p style=\"text-align: justify\">J\u00e1 dom Roque Paloschi destacou que a quest\u00e3o \u00e9 saber quem est\u00e1 usufruindo dos lucros desses grandes projetos, que al\u00e9m de terem as b\u00ean\u00e7\u00e3os do governo, s\u00e3o financiados com o dinheiro p\u00fablico. Ele ressalta que as popula\u00e7\u00f5es n\u00e3o t\u00eam garantias, e suas terras quase sempre s\u00e3o \u201cabocanhadas\u201d pelo agroneg\u00f3cio e por grupos econ\u00f4micos que aqui chegam.<\/p>\n<div style=\"text-align: justify\"><\/div>\n<p style=\"text-align: justify\">Dom Roque defende o respeito \u00e0 biodiversidade, a participa\u00e7\u00e3o de homens e mulheres amaz\u00f4nidas, que possuem a sabedoria milenar e tradicional de cuidar do meio ambiente sem agredi-lo. Ele espera que o encontro de Santar\u00e9m provoque uma verdadeira reflex\u00e3o. \u201cN\u00f3s esperamos contribuir para que uma reflex\u00e3o aconte\u00e7a para que nossas comunidades se tornem sujeitos dessa regi\u00e3o e n\u00e3o apenas vista como um entrave no processo do desenvolvimento sonhado pelo agroneg\u00f3cio \u00a0e pelo governo\u201d, enfatiza.<\/p>\n<div style=\"text-align: justify\"><\/div>\n<p style=\"text-align: justify\">Dom Mos\u00e9 Jo\u00e3o Pontelo afirma que os problemas est\u00e3o a\u00ed, e isso requer responsabilidade dos pastores, que s\u00e3o lideres dessa igreja. E o encontro de Santar\u00e9m vai apontar qual ser\u00e1 o caminho a ser seguido nos pr\u00f3ximos cinco anos.<\/p>\n<div style=\"text-align: justify\"><\/div>\n<p style=\"text-align: justify\">Dom Jesus Maria acredita que os bispos t\u00eam a obriga\u00e7\u00e3o de tentar iluminar a caminhada com a Palavra de Deus, mas tamb\u00e9m assumir o desafio e o povo da Amaz\u00f4nia. \u201c\u00c9 necess\u00e1rio n\u00e3o fugirmos da cruz de nosso Senhor, que \u00e9 a cruz dos pobres e dos povos desta regi\u00e3o\u201d, finalizou.<\/p>\n<div style=\"text-align: justify\"><\/div>\n<p style=\"text-align: justify\">O 10\u00ba encontro dos bispos ter\u00e1 um documento conclusivo e uma carta encaminhada aos governantes dos Estados da Amaz\u00f4nia, outra ao Povo de Deus e uma ao Papa Bento XVI.<\/p>\n<div style=\"text-align: justify\"><\/div>\n","protected":false},"excerpt":{"rendered":"<p>Um dos problemas enfrentados hoje pelas popula\u00e7\u00f5es da Amaz\u00f4nia s\u00e3o os grandes projetos, que al\u00e9m de causarem grande impacto ao meio ambiente, geram lucros para alguns e provocam in\u00fameros impactos sociais negativos nas cidades onde est\u00e3o instalados. Esse foi o assunto principal da primeira coletiva oficial concedida \u00e0 imprensa na tarde desta ter\u00e7a-feira, 03 de &hellip;<\/p>\n<p class=\"read-more\"> <a class=\"\" href=\"https:\/\/www.cnbb.org.br\/bispos-se-posicionam-sobre-grandes-projetos-da-amazonia\/\"> <span class=\"screen-reader-text\">Bispos se posicionam sobre Grandes projetos da Amaz\u00f4nia<\/span> Leia mais &raquo;<\/a><\/p>\n","protected":false},"author":83,"featured_media":10236,"comment_status":"open","ping_status":"open","sticky":false,"template":"","format":"standard","meta":{"site-sidebar-layout":"default","site-content-layout":"default","ast-global-header-display":"","ast-banner-title-visibility":"","ast-main-header-display":"","ast-hfb-above-header-display":"","ast-hfb-below-header-display":"","ast-hfb-mobile-header-display":"","site-post-title":"","ast-breadcrumbs-content":"","ast-featured-img":"","footer-sml-layout":"","theme-transparent-header-meta":"","adv-header-id-meta":"","stick-header-meta":"","header-above-stick-meta":"","header-main-stick-meta":"","header-below-stick-meta":""},"categories":[925],"tags":[],"acf":[],"_links":{"self":[{"href":"https:\/\/www.cnbb.org.br\/cnbb-app\/wp\/v2\/posts\/10235"}],"collection":[{"href":"https:\/\/www.cnbb.org.br\/cnbb-app\/wp\/v2\/posts"}],"about":[{"href":"https:\/\/www.cnbb.org.br\/cnbb-app\/wp\/v2\/types\/post"}],"author":[{"embeddable":true,"href":"https:\/\/www.cnbb.org.br\/cnbb-app\/wp\/v2\/users\/83"}],"replies":[{"embeddable":true,"href":"https:\/\/www.cnbb.org.br\/cnbb-app\/wp\/v2\/comments?post=10235"}],"version-history":[{"count":0,"href":"https:\/\/www.cnbb.org.br\/cnbb-app\/wp\/v2\/posts\/10235\/revisions"}],"wp:featuredmedia":[{"embeddable":true,"href":"https:\/\/www.cnbb.org.br\/cnbb-app\/wp\/v2\/media\/10236"}],"wp:attachment":[{"href":"https:\/\/www.cnbb.org.br\/cnbb-app\/wp\/v2\/media?parent=10235"}],"wp:term":[{"taxonomy":"category","embeddable":true,"href":"https:\/\/www.cnbb.org.br\/cnbb-app\/wp\/v2\/categories?post=10235"},{"taxonomy":"post_tag","embeddable":true,"href":"https:\/\/www.cnbb.org.br\/cnbb-app\/wp\/v2\/tags?post=10235"}],"curies":[{"name":"wp","href":"https:\/\/api.w.org\/{rel}","templated":true}]}}