{"id":10317,"date":"2014-12-16T00:00:00","date_gmt":"2014-12-16T02:00:00","guid":{"rendered":"https:\/\/www.cnbb.org.br\/jovens-concluem-missao-na-amazonia\/"},"modified":"2020-03-11T16:16:32","modified_gmt":"2020-03-11T19:16:32","slug":"jovens-concluem-missao-na-amazonia","status":"publish","type":"post","link":"https:\/\/www.cnbb.org.br\/jovens-concluem-missao-na-amazonia\/","title":{"rendered":"Jovens concluem experi\u00eancia mission\u00e1ria na Amaz\u00f4nia"},"content":{"rendered":"<p style=\"text-align: justify\">\n<p style=\"text-align: justify\">A Primeira Miss\u00e3o Jovem na Amaz\u00f4nia foi conclu\u00edda no domingo, 14, com momentos de ora\u00e7\u00e3o, partilha, testemunhos e missa. Os 72 jovens selecionados pelas Comiss\u00f5es para a Amaz\u00f4nia; A\u00e7\u00e3o Mission\u00e1ria e Coopera\u00e7\u00e3o Intereclesial; e Miss\u00e3o Continental da Confer\u00eancia Nacional dos Bispos do Brasil (CNBB) participaram de forma\u00e7\u00e3o, em Manaus (AM), e depois foram enviados para os munic\u00edpios de Parintins (AM), Borba (AM), Coari (AM) e Boa Vista (RR).<\/p>\n<p><!--more--><\/p>\n<p style=\"text-align: justify\"><span style=\"line-height: 1.3em\">A experi\u00eancia mission\u00e1ria dos jovens teve in\u00edcio no dia 30 de novembro. Na ocasi\u00e3o, os participantes ficaram instalados na sede do Movimento Focolares da capital amazonense, o Centro Mari\u00e1polis Maria de Loreto. Durante tr\u00eas dias aconteceram forma\u00e7\u00e3o, integra\u00e7\u00e3o e prepara\u00e7\u00e3o para as atividades mission\u00e1rias nas comunidades ribeirinhas e ind\u00edgenas. O secret\u00e1rio executivo do regional Norte 1 da CNBB, padre Zenildo Lima, deu orienta\u00e7\u00f5es sobre aspectos geogr\u00e1ficos da Amaz\u00f4nia, bem como sobre a a\u00e7\u00e3o mission\u00e1ria realizada na regi\u00e3o.<\/span><\/p>\n<p style=\"text-align: justify\">No dia 1\u00ba de dezembro, houve uma mesa redonda com jovens da regi\u00e3o que apresentaram sua realidade aos mission\u00e1rios. Representantes das diversas express\u00f5es juvenis do Estado do Amazonas partilharam experi\u00eancias e responderam perguntas sobre a vida da juventude. O seminarista da diocese de S\u00e3o Gabriel da Cachoeira (AM), Od\u00edlio Gentil, contou a realidade das etnias ind\u00edgenas, dos costumes dos integrantes de sua comunidade e lamentou a perda de identidade dos jovens ind\u00edgenas. \u201cOs jovens de minha comunidade sonham muito em estudar, eu sonho em ser padre. Muitas vezes os jovens v\u00eam para a cidade atr\u00e1s do sonho, mas n\u00e3o conseguem e se envolvem com as drogas\u201d, disse.<\/p>\n<p style=\"text-align: justify\">Os assessores das Comiss\u00f5es da CNBB e o bispo auxiliar de Campo Grande (MS) e presidente da Comiss\u00e3o Episcopal para a Juventude, dom Eduardo Pinheiro da Silva, dividiram-se com os grupos nos quatro locais de miss\u00e3o. A assessora da Comiss\u00e3o para a Amaz\u00f4nia, irm\u00e3 Maria Irene Lopes dos Santos, foi para a diocese de Coari (AM). A assessora da Comiss\u00e3o Episcopal para a A\u00e7\u00e3o Mission\u00e1ria e Coopera\u00e7\u00e3o Intereclesial, irm\u00e3 Dirce Gomes da Silva, esteve na prelazia de Borba (AM). Os assessores das Comiss\u00f5es para a Juventude, padre Carlos S\u00e1vio Ribeiro, e para a Miss\u00e3o Continental, padre Sidnei Marco Dornelas, realizaram a miss\u00e3o na reserva Raposa Serra do Sol, em Boa Vista (RR), diocese de Roraima. Em Parintins (AM), o grupo de jovens foi acompanhado pelo padre Marcelo Gualberto Monteiro, da diocese de Urua\u00e7u (GO).<\/p>\n<p style=\"text-align: justify\"><img decoding=\"async\" loading=\"lazy\" class=\" alignright size-full wp-image-24311\" style=\"float: right\" title=\"Reprodu\u00e7\u00e3o\/Jovens Conectados\" src=\"https:\/\/www.cnbb.org.br\/wp-content\/uploads\/2020\/03\/Misso-Jovem-Amaznia_Missa-350x263-1.jpg\" alt=\"Foto: Jovens Conectados\" width=\"184\" height=\"138\" border=\"0\" \/>Na missa de encerramento da miss\u00e3o, padre Carlos S\u00e1vio lembrou aos jovens, em sua homilia, que o Natal do Senhor se aproxima e fez um convite para que os mission\u00e1rios sejam \u201cmensageiros da esperan\u00e7a e da luz de Jesus Cristo, como foram os profetas Elias e Jo\u00e3o Batista\u201d, citados nas leituras.<\/p>\n<p style=\"text-align: justify\">\u201cA principal marca da juventude \u00e9 a alegria. Voc\u00eas devem ser canais da gra\u00e7a de Deus e a ajudar a Igreja a libertar os jovens que ainda n\u00e3o conheceram a Cristo. Muito obrigado pelo testemunho de cada um de voc\u00eas, por subirem montes e rios da Amaz\u00f4nia e viajarem quil\u00f4metros e horas at\u00e9 aqui. Voc\u00eas fazem parte da hist\u00f3ria da Igreja do Brasil\u201d, disse.<\/p>\n<p style=\"text-align: justify\"><span style=\"line-height: 1.3em\"><img decoding=\"async\" loading=\"lazy\" class=\" alignleft size-full wp-image-24312\" style=\"float: left\" src=\"https:\/\/www.cnbb.org.br\/wp-content\/uploads\/2020\/03\/Dom-Eduardo_Vdeo-misso-jovem-350x199-1.jpg\" width=\"159\" height=\"90\" border=\"0\" \/>Dom Eduardo Pinheiro agradeceu em v\u00eddeo o envolvimento dos jovens. \u201cTenho certeza que, al\u00e9m do benef\u00edcio que voc\u00eas carregar\u00e3o para si, para a pr\u00f3pria vida, para a pr\u00f3pria realidade crist\u00e3, voc\u00eas v\u00e3o ser sinais, v\u00e3o propagar nas v\u00e1rias realidades a necessidade de fazer com que mais jovens disc\u00edpulos mission\u00e1rios de Jesus Cristo assumam trabalhos concretos de missionariedade, de voluntariado, em vista da constru\u00e7\u00e3o do Reino. Parab\u00e9ns pelo sim que est\u00e3o dando\u201d, disse o bispo.<\/span><\/p>\n<p style=\"text-align: justify\">Os 72 jovens presentes na Primeira Miss\u00e3o Jovem na Amaz\u00f4nia representaram todos os estados brasileiros. Tamb\u00e9m fizeram parte do grupo jovens do Paraguai, do Uruguai e da Argentina.<\/p>\n<p style=\"text-align: justify\">\n<h5 style=\"text-align: justify\">Com informa\u00e7\u00f5es e fotografia de Jovens Conectados<\/h5>\n<p>&nbsp;<\/p>\n<p>&nbsp;<\/p>\n<p>&nbsp;<\/p>\n","protected":false},"excerpt":{"rendered":"<p>A Primeira Miss\u00e3o Jovem na Amaz\u00f4nia foi conclu\u00edda no domingo, 14, com momentos de ora\u00e7\u00e3o, partilha, testemunhos e missa. Os 72 jovens selecionados pelas Comiss\u00f5es para a Amaz\u00f4nia; A\u00e7\u00e3o Mission\u00e1ria e Coopera\u00e7\u00e3o Intereclesial; e Miss\u00e3o Continental da Confer\u00eancia Nacional dos Bispos do Brasil (CNBB) participaram de forma\u00e7\u00e3o, em Manaus (AM), e depois foram enviados para &hellip;<\/p>\n<p class=\"read-more\"> <a class=\"\" href=\"https:\/\/www.cnbb.org.br\/jovens-concluem-missao-na-amazonia\/\"> <span class=\"screen-reader-text\">Jovens concluem experi\u00eancia mission\u00e1ria na Amaz\u00f4nia<\/span> Leia mais &raquo;<\/a><\/p>\n","protected":false},"author":83,"featured_media":10318,"comment_status":"open","ping_status":"open","sticky":false,"template":"","format":"standard","meta":{"site-sidebar-layout":"default","site-content-layout":"default","ast-global-header-display":"","ast-banner-title-visibility":"","ast-main-header-display":"","ast-hfb-above-header-display":"","ast-hfb-below-header-display":"","ast-hfb-mobile-header-display":"","site-post-title":"","ast-breadcrumbs-content":"","ast-featured-img":"","footer-sml-layout":"","theme-transparent-header-meta":"","adv-header-id-meta":"","stick-header-meta":"","header-above-stick-meta":"","header-main-stick-meta":"","header-below-stick-meta":""},"categories":[925],"tags":[],"acf":[],"_links":{"self":[{"href":"https:\/\/www.cnbb.org.br\/cnbb-app\/wp\/v2\/posts\/10317"}],"collection":[{"href":"https:\/\/www.cnbb.org.br\/cnbb-app\/wp\/v2\/posts"}],"about":[{"href":"https:\/\/www.cnbb.org.br\/cnbb-app\/wp\/v2\/types\/post"}],"author":[{"embeddable":true,"href":"https:\/\/www.cnbb.org.br\/cnbb-app\/wp\/v2\/users\/83"}],"replies":[{"embeddable":true,"href":"https:\/\/www.cnbb.org.br\/cnbb-app\/wp\/v2\/comments?post=10317"}],"version-history":[{"count":0,"href":"https:\/\/www.cnbb.org.br\/cnbb-app\/wp\/v2\/posts\/10317\/revisions"}],"wp:featuredmedia":[{"embeddable":true,"href":"https:\/\/www.cnbb.org.br\/cnbb-app\/wp\/v2\/media\/10318"}],"wp:attachment":[{"href":"https:\/\/www.cnbb.org.br\/cnbb-app\/wp\/v2\/media?parent=10317"}],"wp:term":[{"taxonomy":"category","embeddable":true,"href":"https:\/\/www.cnbb.org.br\/cnbb-app\/wp\/v2\/categories?post=10317"},{"taxonomy":"post_tag","embeddable":true,"href":"https:\/\/www.cnbb.org.br\/cnbb-app\/wp\/v2\/tags?post=10317"}],"curies":[{"name":"wp","href":"https:\/\/api.w.org\/{rel}","templated":true}]}}