{"id":10330,"date":"2015-05-22T00:00:00","date_gmt":"2015-05-22T03:00:00","guid":{"rendered":"https:\/\/www.cnbb.org.br\/agencias-internacionais-oferecem-apoio-a-projetos-na-amazonia\/"},"modified":"2020-03-11T16:16:29","modified_gmt":"2020-03-11T19:16:29","slug":"agencias-internacionais-oferecem-apoio-a-projetos-na-amazonia","status":"publish","type":"post","link":"https:\/\/www.cnbb.org.br\/agencias-internacionais-oferecem-apoio-a-projetos-na-amazonia\/","title":{"rendered":"Ag\u00eancias internacionais oferecem apoio a projetos na Amaz\u00f4nia"},"content":{"rendered":"<p style=\"text-align: justify\">\n<p style=\"text-align: justify\"><span style=\"font-size: 12.1599998474121px;line-height: 1.3em\">Representantes de entidades da Coopera\u00e7\u00e3o Internacional para o Desenvolvimento e a Solidariedade (Cidse \u2013 Grupo Brasil) estiveram ontem, 21, na sede da Confer\u00eancia Nacional dos Bispos do Brasil (CNBB).\u00a0Na ocasi\u00e3o foram apresentados os projetos da Comiss\u00e3o Episcopal para a Amaz\u00f4nia e as atividades da Rede Eclesial Pan-Amaz\u00f4nica (Repam), criada em setembro de 2014.<\/span><\/p>\n<p><!--more--><\/p>\n<p style=\"text-align: justify\"><span style=\"font-size: 12.1599998474121px;line-height: 1.3em\">A Cidse compreende entidades de oito pa\u00edses que j\u00e1 atuam em projetos eclesiais de desenvolvimento social e ajuda humanit\u00e1ria no Brasil. Anualmente \u00e9 realizada reuni\u00e3o na CNBB com a Cidse para apresentar temas e realidades que podem receber a colabora\u00e7\u00e3o das ag\u00eancias. Algumas delas j\u00e1 possuem projetos na regi\u00e3o amaz\u00f4nica e pretendem colaborar com recursos tecnol\u00f3gicos, humanos e financeiros nos projetos da Comiss\u00e3o para a Amaz\u00f4nia e da Repam.<\/span><\/p>\n<p style=\"text-align: justify\">O arcebispo em\u00e9rito de S\u00e3o Paulo (SP) e presidente da Comiss\u00e3o Episcopal para a Amaz\u00f4nia da CNBB, cardeal Cl\u00e1udio Hummes, explica que a reuni\u00e3o teve como finalidade articular apoios. \u201cN\u00f3s temos a necessidade que essas ag\u00eancias nos apoiem, seja tecnologicamente, com conhecimento ou mesmo com recursos materiais para as atividades da Comiss\u00e3o Episcopal para a Amaz\u00f4nia e agora com a Repam. Se quer fazer um entrosamento de como isso poderia ocorrer, como \u00e9 que eles poderiam nos apoiar sobre tantos aspectos, cada entidade segundo a sua especialidade, porque eles t\u00eam grande interesse na Amaz\u00f4nia, na problem\u00e1tica da Amaz\u00f4nia hoje e tamb\u00e9m querem somar for\u00e7as e n\u00e3o ficar \u00e0 margem\u201d, disse.<\/p>\n<p style=\"text-align: justify\"><img decoding=\"async\" loading=\"lazy\" class=\" alignright size-full wp-image-25942\" src=\"https:\/\/www.cnbb.org.br\/wp-content\/uploads\/2020\/03\/CNBB-e-CIDSE-21-350x151-1.jpg\" alt=\"\" width=\"291\" height=\"126\" align=\"right\" border=\"0\" \/>Tamb\u00e9m estiveram na reuni\u00e3o o bispo auxiliar de Bras\u00edlia e secret\u00e1rio geral da CNBB, dom Leonardo Steiner; o bispo de Ipameri (GO) e presidente da Comiss\u00e3o Episcopal Pastoral para o Servi\u00e7o da Caridade, da Justi\u00e7a e da Paz, dom Guilherme Ant\u00f4nio Werlang; e o arcebispo de Bel\u00e9m (PA) e vice-presidente do regional Norte 2 da Confer\u00eancia, dom Alberto Taveira Corr\u00eaa.<\/p>\n<p style=\"text-align: justify\"><strong>Repam<\/strong><\/p>\n<p style=\"text-align: justify\">A Rede Eclesial Pan-Amaz\u00f4nica prepara a\u00e7\u00f5es em oito eixos para a efetiva\u00e7\u00e3o do trabalho de articula\u00e7\u00e3o e forma\u00e7\u00e3o eclesial na regi\u00e3o da floresta Amaz\u00f4nica, que abrange nove pa\u00edses da Am\u00e9rica do Sul. Os objetivos estrat\u00e9gicos que ser\u00e3o aplicados inicialmente preveem a articula\u00e7\u00e3o no \u00e2mbito da comunica\u00e7\u00e3o, da cria\u00e7\u00e3o de um comit\u00ea nacional da Repam e da forma\u00e7\u00e3o de agentes, para promo\u00e7\u00e3o de acompanhamento pastoral.<\/p>\n<p style=\"text-align: justify\">Como encaminhamento, a Comiss\u00e3o para a Amaz\u00f4nia e a Repam elaborar\u00e3o projetos detalhados para que as ag\u00eancias fa\u00e7am a capta\u00e7\u00e3o de recursos para aplica\u00e7\u00e3o nas atividades.<\/p>\n<p style=\"text-align: justify\">Saiba quais s\u00e3o as ag\u00eancias que integram a Cidse:<\/p>\n<p style=\"text-align: justify\"><a href=\"http:\/\/www.misereor.org\/\" target=\"_blank\" rel=\"noopener\">Misereor<\/a> \u2013 Alemanha;<\/p>\n<p style=\"text-align: justify\"><a href=\"https:\/\/www.dka.at\/english\" target=\"_blank\" rel=\"noopener\">Ag\u00eancia de coopera\u00e7\u00e3o de Katholische Jungschar (DKA)<\/a> \u2013 \u00c1ustria;<\/p>\n<p style=\"text-align: justify\"><a href=\"http:\/\/www.cafod.org.uk\/\" target=\"_blank\" rel=\"noopener\">Cafod<\/a> &#8211; Inglaterra;<\/p>\n<p style=\"text-align: justify\"><a href=\"http:\/\/www.fastenopfer.ch\/sites\/mnt\/index.html?lang2=de\" target=\"_blank\" rel=\"noopener\">Fastenopfer<\/a> &#8211; Su\u00ed\u00e7a;<\/p>\n<p style=\"text-align: justify\"><a href=\"http:\/\/caritas.org.br\/\" target=\"_blank\" rel=\"noopener\">C\u00e1ritas Brasileira<\/a>;<\/p>\n<p style=\"text-align: justify\"><a href=\"http:\/\/www.crs.org\/\" target=\"_blank\" rel=\"noopener\">Catholic Relief Services (CRS)<\/a> \u2013 Estados Unidos da Am\u00e9rica;<\/p>\n<p style=\"text-align: justify\"><a href=\"http:\/\/www.manosunidas.org\/\" target=\"_blank\" rel=\"noopener\">Manos Unidas<\/a> &#8211; Espanha;<\/p>\n<p style=\"text-align: justify\"><span style=\"font-size: 12.1599998474121px;line-height: 1.3em\"><a href=\"http:\/\/www.entraide.be\/?lang=fr\" target=\"_blank\" rel=\"noopener\">Entraide et Fraternit\u00e9<\/a> &#8211; B\u00e9lgica;<\/span><\/p>\n<p style=\"text-align: justify\"><a href=\"http:\/\/ccfd-terresolidaire.org\/\" target=\"_blank\" rel=\"noopener\">Comit\u00ea Cat\u00f3lico contra a Fome e para o Desenvolvimento &#8211; Terre Solidaire (CCFD)<\/a> &#8211; Fran\u00e7a<\/p>\n<p>&nbsp;<\/p>\n<p>&nbsp;<\/p>\n<p>&nbsp;<\/p>\n","protected":false},"excerpt":{"rendered":"<p>Representantes de entidades da Coopera\u00e7\u00e3o Internacional para o Desenvolvimento e a Solidariedade (Cidse \u2013 Grupo Brasil) estiveram ontem, 21, na sede da Confer\u00eancia Nacional dos Bispos do Brasil (CNBB).\u00a0Na ocasi\u00e3o foram apresentados os projetos da Comiss\u00e3o Episcopal para a Amaz\u00f4nia e as atividades da Rede Eclesial Pan-Amaz\u00f4nica (Repam), criada em setembro de 2014.<\/p>\n","protected":false},"author":83,"featured_media":10331,"comment_status":"open","ping_status":"open","sticky":false,"template":"","format":"standard","meta":{"site-sidebar-layout":"default","site-content-layout":"default","ast-global-header-display":"","ast-banner-title-visibility":"","ast-main-header-display":"","ast-hfb-above-header-display":"","ast-hfb-below-header-display":"","ast-hfb-mobile-header-display":"","site-post-title":"","ast-breadcrumbs-content":"","ast-featured-img":"","footer-sml-layout":"","theme-transparent-header-meta":"","adv-header-id-meta":"","stick-header-meta":"","header-above-stick-meta":"","header-main-stick-meta":"","header-below-stick-meta":""},"categories":[925],"tags":[],"acf":[],"_links":{"self":[{"href":"https:\/\/www.cnbb.org.br\/cnbb-app\/wp\/v2\/posts\/10330"}],"collection":[{"href":"https:\/\/www.cnbb.org.br\/cnbb-app\/wp\/v2\/posts"}],"about":[{"href":"https:\/\/www.cnbb.org.br\/cnbb-app\/wp\/v2\/types\/post"}],"author":[{"embeddable":true,"href":"https:\/\/www.cnbb.org.br\/cnbb-app\/wp\/v2\/users\/83"}],"replies":[{"embeddable":true,"href":"https:\/\/www.cnbb.org.br\/cnbb-app\/wp\/v2\/comments?post=10330"}],"version-history":[{"count":0,"href":"https:\/\/www.cnbb.org.br\/cnbb-app\/wp\/v2\/posts\/10330\/revisions"}],"wp:featuredmedia":[{"embeddable":true,"href":"https:\/\/www.cnbb.org.br\/cnbb-app\/wp\/v2\/media\/10331"}],"wp:attachment":[{"href":"https:\/\/www.cnbb.org.br\/cnbb-app\/wp\/v2\/media?parent=10330"}],"wp:term":[{"taxonomy":"category","embeddable":true,"href":"https:\/\/www.cnbb.org.br\/cnbb-app\/wp\/v2\/categories?post=10330"},{"taxonomy":"post_tag","embeddable":true,"href":"https:\/\/www.cnbb.org.br\/cnbb-app\/wp\/v2\/tags?post=10330"}],"curies":[{"name":"wp","href":"https:\/\/api.w.org\/{rel}","templated":true}]}}