{"id":10338,"date":"2015-07-11T00:00:00","date_gmt":"2015-07-11T03:00:00","guid":{"rendered":"https:\/\/www.cnbb.org.br\/sair-para-anunciar-o-evangelho-a-todos-e-vital-para-a-igreja-diz-dom-claudio-hummes\/"},"modified":"2020-03-11T16:16:26","modified_gmt":"2020-03-11T19:16:26","slug":"sair-para-anunciar-o-evangelho-a-todos-e-vital-para-a-igreja-diz-dom-claudio-hummes","status":"publish","type":"post","link":"https:\/\/www.cnbb.org.br\/sair-para-anunciar-o-evangelho-a-todos-e-vital-para-a-igreja-diz-dom-claudio-hummes\/","title":{"rendered":"Sair para anunciar o evangelho a todos \u00e9 vital para a Igreja, diz dom Cl\u00e1udio Hummes"},"content":{"rendered":"<p style=\"text-align: justify\"><span>O presidente da Comiss\u00e3o Episcopal para a Amaz\u00f4nia da CNBB, cardeal Cl\u00e1udio Hummes, foi enf\u00e1tico ao afirmar que a Igreja precisa sair para ir ao encontro das pessoas e anunciar-lhes o evangelho. \u201c\u00c9 vital que a Igreja saia para anunciar o Evangelho a todos, em todos os lugares, em todas as ocasi\u00f5es. A alegria do Evangelho \u00e9 para todo o povo\u201d, disse.<\/span><\/p>\n<p>  <!--more-->  <\/p>\n<p style=\"text-align: justify\">A afirma\u00e7\u00e3o foi feita neste s\u00e1bado, 11, no 2\u00ba Congresso Mission\u00e1rio Nacional de Seminaristas, que acontece desde quinta-feira, 9, no audit\u00f3rio do Museu de Ci\u00eancias Naturais da PUC-Minas, em Belo Horizonte (MG).\u00a0 De acordo com o cardeal \u00e9 \u00a0preciso ir ao povo \u201ccom coragem e sem repugn\u00e2ncia\u201d. \u201cN\u00e3o basta lan\u00e7ar a Palavra de Deus da janela da casa paroquial. \u00c9 preciso sair, ir a campo. Tomar a iniciativa e ir far\u00e1 voc\u00ea se sentir feliz\u201d, afirmou.<\/p>\n<p style=\"text-align: justify\"><span>Segundo o presidente da Comiss\u00e3o para a Amaz\u00f4nia, \u00e9 preciso colocar todos os agentes pastorais em constante estado de sa\u00edda. \u201cO papa Francisco fala de uma Igreja em sa\u00edda, n\u00e3o uma Igreja sentada em casa. Um crist\u00e3o em sa\u00edda, bispos e padres em sa\u00edda, seminaristas em sa\u00edda. Em casa o seminarista j\u00e1 fica sentado, fica gordo\u201d, disse dom Cl\u00e1udio, provocando risadas dos congressistas. \u201cO papa n\u00e3o diz uma \u2018intimidade sentante\u2019, mas itinerante\u201d, completou.<\/span><\/p>\n<p><a href=\"https:\/\/livestream.com\/accounts\/14229176\/events\/4183577\/videos\/92751642\" target=\"_blank\" rel=\"noopener\"><span>Assista a confer\u00eancia do cardeal<\/span><\/a><\/p>\n<p style=\"text-align: justify\"><span>Dom Cl\u00e1udio recordou que o papa Francisco prop\u00f5e uma reforma \u201cgrande e profunda\u201d na Igreja e recordou suas palavras quando foi eleito: \u201csonho com uma Igreja pobre para os pobres\u201d. \u201cA reforma defendida pelo papa \u00e9 transformar a Igreja numa Igreja mission\u00e1ria e, consequentemente, capaz de gritar e de denunciar as injusti\u00e7as\u201d, sublinhou o cardeal. \u201cN\u00e3o tenham medo ser profetas, meus caros seminaristas\u201d, acrescentou.<\/span><\/p>\n<p style=\"text-align: justify\"><span>O cardeal lembrou que o papa tem chamado a aten\u00e7\u00e3o do mundo com seu jeito simples e pr\u00f3ximo das pessoas, mas alertou para o risco de suas palavras e testemunho ficarem sem incid\u00eancia na vida da Igreja e das pessoas. \u201cN\u00e3o basta aplaudir o papa, mas \u00e9 necess\u00e1rio deixar interpelar-se por ele, algo tem que mudar. Se isso ainda n\u00e3o aconteceu, voc\u00ea fazendo do papa apenas um show\u201d, disse.<\/span><\/p>\n<p style=\"text-align: justify\"><span>Pr\u00f3ximo de completar 81 anos, dom Cl\u00e1udio falou com entusiasmo de suas visitas \u00e0s v\u00e1rias dioceses da Amaz\u00f4nia. \u201cQuando a gente vai para a Amaz\u00f4nia, a gente tem que arrega\u00e7ar as mangas e, quando volta, chega feliz em casa, com cheiro das ovelhas\u201d, afirma. Aos padres deixou um recado: \u201cPadre, quando estiver desanimado, saia, levante-se, v\u00e1 em dire\u00e7\u00e3o \u00e0s periferias, ao povo sofrido, ou\u00e7a o que ele dir\u00e1 e aque\u00e7a seu cora\u00e7\u00e3o, assim como Jesus aqueceu o cora\u00e7\u00e3o dos disc\u00edpulos de Ema\u00fas\u201d.<\/span><\/p>\n<p style=\"text-align: justify\"><span>Fonte: Assessoria de Imprensa do Congresso Mission\u00e1rio de Presb\u00edteros<\/span><\/p>\n","protected":false},"excerpt":{"rendered":"<p>O presidente da Comiss\u00e3o Episcopal para a Amaz\u00f4nia da CNBB, cardeal Cl\u00e1udio Hummes, foi enf\u00e1tico ao afirmar que a Igreja precisa sair para ir ao encontro das pessoas e anunciar-lhes o evangelho. \u201c\u00c9 vital que a Igreja saia para anunciar o Evangelho a todos, em todos os lugares, em todas as ocasi\u00f5es. A alegria do &hellip;<\/p>\n<p class=\"read-more\"> <a class=\"\" href=\"https:\/\/www.cnbb.org.br\/sair-para-anunciar-o-evangelho-a-todos-e-vital-para-a-igreja-diz-dom-claudio-hummes\/\"> <span class=\"screen-reader-text\">Sair para anunciar o evangelho a todos \u00e9 vital para a Igreja, diz dom Cl\u00e1udio Hummes<\/span> Leia mais &raquo;<\/a><\/p>\n","protected":false},"author":83,"featured_media":10339,"comment_status":"open","ping_status":"open","sticky":false,"template":"","format":"standard","meta":{"site-sidebar-layout":"default","site-content-layout":"default","ast-global-header-display":"","ast-banner-title-visibility":"","ast-main-header-display":"","ast-hfb-above-header-display":"","ast-hfb-below-header-display":"","ast-hfb-mobile-header-display":"","site-post-title":"","ast-breadcrumbs-content":"","ast-featured-img":"","footer-sml-layout":"","theme-transparent-header-meta":"","adv-header-id-meta":"","stick-header-meta":"","header-above-stick-meta":"","header-main-stick-meta":"","header-below-stick-meta":""},"categories":[925],"tags":[],"acf":[],"_links":{"self":[{"href":"https:\/\/www.cnbb.org.br\/cnbb-app\/wp\/v2\/posts\/10338"}],"collection":[{"href":"https:\/\/www.cnbb.org.br\/cnbb-app\/wp\/v2\/posts"}],"about":[{"href":"https:\/\/www.cnbb.org.br\/cnbb-app\/wp\/v2\/types\/post"}],"author":[{"embeddable":true,"href":"https:\/\/www.cnbb.org.br\/cnbb-app\/wp\/v2\/users\/83"}],"replies":[{"embeddable":true,"href":"https:\/\/www.cnbb.org.br\/cnbb-app\/wp\/v2\/comments?post=10338"}],"version-history":[{"count":0,"href":"https:\/\/www.cnbb.org.br\/cnbb-app\/wp\/v2\/posts\/10338\/revisions"}],"wp:featuredmedia":[{"embeddable":true,"href":"https:\/\/www.cnbb.org.br\/cnbb-app\/wp\/v2\/media\/10339"}],"wp:attachment":[{"href":"https:\/\/www.cnbb.org.br\/cnbb-app\/wp\/v2\/media?parent=10338"}],"wp:term":[{"taxonomy":"category","embeddable":true,"href":"https:\/\/www.cnbb.org.br\/cnbb-app\/wp\/v2\/categories?post=10338"},{"taxonomy":"post_tag","embeddable":true,"href":"https:\/\/www.cnbb.org.br\/cnbb-app\/wp\/v2\/tags?post=10338"}],"curies":[{"name":"wp","href":"https:\/\/api.w.org\/{rel}","templated":true}]}}