{"id":10358,"date":"2016-07-11T00:00:00","date_gmt":"2016-07-11T03:00:00","guid":{"rendered":"https:\/\/www.cnbb.org.br\/congresso-aborda-missao-da-pastoral-universitaria-na-amazonia\/"},"modified":"2020-03-11T16:16:21","modified_gmt":"2020-03-11T19:16:21","slug":"congresso-aborda-missao-da-pastoral-universitaria-na-amazonia","status":"publish","type":"post","link":"https:\/\/www.cnbb.org.br\/congresso-aborda-missao-da-pastoral-universitaria-na-amazonia\/","title":{"rendered":"Congresso aborda miss\u00e3o da Pastoral Universit\u00e1ria na Amaz\u00f4nia"},"content":{"rendered":"<p style=\"text-align: justify\">Evento foi organizado pelo Setor Universidades da CNBB<\/p>\n<p><!--more--><\/p>\n<p style=\"text-align: justify\">A arquidiocese de Manaus (AM) recebeu o III Congresso Amaz\u00f4nico de Universit\u00e1rios Crist\u00e3os . O encontro, que aconteceu entre os dias 8 e 10 de julho, teve como tema \u201cA Miss\u00e3o da Pastoral Universit\u00e1ria na Amaz\u00f4nia\u201d e o lema \u201cSomos F\u00e9, Ci\u00eancia e Solidariedade que Transforma\u201d. A organiza\u00e7\u00e3o foi da Pastoral Universit\u00e1ria do regional Norte 1 da Confer\u00eancia Nacional dos Bispos do Brasil (CNBB) e do Setor Universidades da Comiss\u00e3o Episcopal Pastoral para Cultura e a Educa\u00e7\u00e3o da Confer\u00eancia.<\/p>\n<p style=\"text-align: justify\">O Congresso teve participa\u00e7\u00e3o de mais de 50 jovens das arquidioceses de Manaus (AM), Salvador (BA), Belo Horizonte e Florian\u00f3polis (SC), das dioceses de Macap\u00e1 (AP) e Santar\u00e9m (PA) e da prelazia L\u00e1brea (AM).<\/p>\n<p style=\"text-align: justify\">A abertura aconteceu com a missa presidida pelo arcebispo de Manaus, dom S\u00e9rgio Castriani, na \u00c1rea Mission\u00e1ria da Ponta Negra.<\/p>\n<p style=\"text-align: justify\">Em tr\u00eas dias de encontro, aconteceram palestras, rodas de conversa, mesa de debate, momentos de ora\u00e7\u00e3o, partilhas e celebra\u00e7\u00f5es eucar\u00edsticas. Tamb\u00e9m houve noite cultural, debate entre os jovens e partilha. Tiveram destaque os compromissos que os universit\u00e1rios devem assumir na Miss\u00e3o da Pastoral na Amaz\u00f4nia.<\/p>\n<p style=\"text-align: justify\">No terceiro dia houve contato com experi\u00eancias religiosas, por meio de oficinas de Leitura Orante da B\u00edblia, Espiritualidade, Of\u00edcio Divino da Juventude e de Comunica\u00e7\u00e3o.<\/p>\n<p style=\"text-align: justify\"><img decoding=\"async\" loading=\"lazy\" class=\" alignright size-full wp-image-29893\" style=\"float: right\" src=\"https:\/\/www.cnbb.org.br\/wp-content\/uploads\/2020\/03\/Congresso_Universitarios_Amazonia3.jpg\" alt=\"\" width=\"332\" height=\"221\" \/>\u201cA atua\u00e7\u00e3o de todo crist\u00e3o nas universidades deve ser sempre de luz na vida do outro, assim como em qualquer espa\u00e7o. Precisamos, de fato, adquirir conhecimento e us\u00e1-lo para fazer deste mundo um lugar melhor. Especialmente este ch\u00e3o amaz\u00f4nico, que precisa tanto do nosso cuidado e defesa\u201d, contou a universit\u00e1ria Maria Est\u00e9fanni, que cursa Direito em Manaus.<\/p>\n<p style=\"text-align: justify\">O assessor da Comiss\u00e3o para a Cultura e a Educa\u00e7\u00e3o da CNBB, padre Danilo Pinto dos Santos, testemunhou a experi\u00eancia de conhecer \u201co rosto amaz\u00f4nico da Igreja\u201d, manifestado \u201cna liturgia que transborda nos aspectos da vida, no comprometimento com o destino do bioma da Amaz\u00f4nia e de seus povos tradicionais, na caminhada conjunta dos diferentes organismos do povo de Deus, materializado na coopera\u00e7\u00e3o m\u00fatua e na comunh\u00e3o eclesial\u201d. O padre ressaltou a viv\u00eancia dessa \u201cexperi\u00eancia eclesial\u201d no ambiente universit\u00e1rio.<\/p>\n<h5>\u00a0Com fotografia de Perezes J\u00fanior\/Arquidiocese de Manaus (AM)<\/h5>\n","protected":false},"excerpt":{"rendered":"<p>Evento foi organizado pelo Setor Universidades da CNBB<\/p>\n","protected":false},"author":83,"featured_media":10359,"comment_status":"open","ping_status":"open","sticky":false,"template":"","format":"standard","meta":{"site-sidebar-layout":"default","site-content-layout":"default","ast-global-header-display":"","ast-banner-title-visibility":"","ast-main-header-display":"","ast-hfb-above-header-display":"","ast-hfb-below-header-display":"","ast-hfb-mobile-header-display":"","site-post-title":"","ast-breadcrumbs-content":"","ast-featured-img":"","footer-sml-layout":"","theme-transparent-header-meta":"","adv-header-id-meta":"","stick-header-meta":"","header-above-stick-meta":"","header-main-stick-meta":"","header-below-stick-meta":""},"categories":[925],"tags":[],"acf":[],"_links":{"self":[{"href":"https:\/\/www.cnbb.org.br\/cnbb-app\/wp\/v2\/posts\/10358"}],"collection":[{"href":"https:\/\/www.cnbb.org.br\/cnbb-app\/wp\/v2\/posts"}],"about":[{"href":"https:\/\/www.cnbb.org.br\/cnbb-app\/wp\/v2\/types\/post"}],"author":[{"embeddable":true,"href":"https:\/\/www.cnbb.org.br\/cnbb-app\/wp\/v2\/users\/83"}],"replies":[{"embeddable":true,"href":"https:\/\/www.cnbb.org.br\/cnbb-app\/wp\/v2\/comments?post=10358"}],"version-history":[{"count":0,"href":"https:\/\/www.cnbb.org.br\/cnbb-app\/wp\/v2\/posts\/10358\/revisions"}],"wp:featuredmedia":[{"embeddable":true,"href":"https:\/\/www.cnbb.org.br\/cnbb-app\/wp\/v2\/media\/10359"}],"wp:attachment":[{"href":"https:\/\/www.cnbb.org.br\/cnbb-app\/wp\/v2\/media?parent=10358"}],"wp:term":[{"taxonomy":"category","embeddable":true,"href":"https:\/\/www.cnbb.org.br\/cnbb-app\/wp\/v2\/categories?post=10358"},{"taxonomy":"post_tag","embeddable":true,"href":"https:\/\/www.cnbb.org.br\/cnbb-app\/wp\/v2\/tags?post=10358"}],"curies":[{"name":"wp","href":"https:\/\/api.w.org\/{rel}","templated":true}]}}