{"id":10376,"date":"2017-03-29T00:00:00","date_gmt":"2017-03-29T03:00:00","guid":{"rendered":"https:\/\/www.cnbb.org.br\/comissoes-da-cnbb-realizam-encontro-sobre-a-evangelizacao-dos-povos-indigenas\/"},"modified":"2020-03-11T16:16:16","modified_gmt":"2020-03-11T19:16:16","slug":"comissoes-da-cnbb-realizam-encontro-sobre-a-evangelizacao-dos-povos-indigenas","status":"publish","type":"post","link":"https:\/\/www.cnbb.org.br\/comissoes-da-cnbb-realizam-encontro-sobre-a-evangelizacao-dos-povos-indigenas\/","title":{"rendered":"Comiss\u00f5es da CNBB realizam encontro sobre a evangeliza\u00e7\u00e3o dos povos ind\u00edgenas"},"content":{"rendered":"<p style=\"text-align: justify\">Convite \u00e9 \u201csair dos muros, das estruturas que nos defendem, ir ao encontro, acolhendo e integrando as diferen\u00e7as\u201d<\/p>\n<p><!--more--><\/p>\n<p style=\"text-align: justify\">A evangeliza\u00e7\u00e3o no \u00e2mbito das comunidades ind\u00edgenas do Brasil \u00e9 o tema de um encontro que re\u00fane quatro comiss\u00f5es episcopais da Confer\u00eancia Nacional dos Bispos do Brasil (CNBB). Desde segunda-feira, est\u00e3o reunidos, em Bras\u00edlia (DF), ind\u00edgenas, mission\u00e1rios indigenistas, padres e padres ind\u00edgenas, bispos e arcebispos do Brasil que contam com a presen\u00e7a de povos ind\u00edgenas nas prelazias, dioceses e arquidioceses.<\/p>\n<p style=\"text-align: justify\">O encontro que ser\u00e1 encerrado nesta quarta-feira foi organizado pela Comiss\u00e3o Episcopal Pastoral para a A\u00e7\u00e3o Mission\u00e1ria e a Comiss\u00e3o Episcopal para a Amaz\u00f4nia em parceria com as Comiss\u00f5es Episcopais Pastorais para a Anima\u00e7\u00e3o B\u00edblico-Catequ\u00e9tica e para a Liturgia da CNBB.<\/p>\n<p style=\"text-align: justify\">O arcebispo em\u00e9rito de S\u00e3o Paulo (SP) e presidente da Comiss\u00e3o Episcopal para a Amaz\u00f4nia, cardeal Cl\u00e1udio Hummes, que tamb\u00e9m preside a Rede Eclesial Pan-Amaz\u00f4nica (Repam), afirma que encontro objetiva \u201cbuscar caminhos para uma evangeliza\u00e7\u00e3o mission\u00e1ria, uma Igreja misericordiosa, pobre, com os pobres e para os pobres\u201d. Para o cardeal o convite \u00e9 \u201csair dos muros, das estruturas que nos defendem, para ir ao encontro, acolhendo e integrando as diferen\u00e7as. No caso, o respeito e acolhida dos povos ind\u00edgenas e inculturar a f\u00e9 nas culturas ind\u00edgenas\u201d. Outro objetivo do encontro \u00e9 refletir sobre a incultura\u00e7\u00e3o da f\u00e9 nas culturas ind\u00edgenas, mas tamb\u00e9m nas culturas afro-americanas e dos povos da floresta.<\/p>\n<p style=\"text-align: justify\">Desde segunda-feira os participantes contam com pain\u00e9is com apresenta\u00e7\u00f5es de experi\u00eancias de evangeliza\u00e7\u00e3o juntos aos povos ind\u00edgenas, bem como a realidade social em que vivem as popula\u00e7\u00f5es ind\u00edgenas no Brasil. Tamb\u00e9m acontecem momentos partilhas e viv\u00eancias de padres ind\u00edgenas entre os ind\u00edgenas.<\/p>\n<p style=\"text-align: justify\">A partir do encontro, os participantes ir\u00e3o discutir quais caminhos dever\u00e3o ser percorridos e ser\u00e3o definidas a\u00e7\u00f5es e passos em vista da evangeliza\u00e7\u00e3o de povos ind\u00edgenas.<\/p>\n<h3 style=\"text-align: justify\">Clero aut\u00f3ctone<\/h3>\n<p>Um ponto-chave da evangeliza\u00e7\u00e3o na Amaz\u00f4nia e com os povos ind\u00edgenas foi apontado pelo papa Francisco em sua visita ao Brasil, em 2013. Para o pont\u00edfice, \u00e9 necess\u00e1rio qualificar formadores, especialmente aqueles na \u00e1rea de teologia, \u201cpara consolidar os resultados alcan\u00e7ados no campo da forma\u00e7\u00e3o de um clero aut\u00f3ctone, inclusive para se ter sacerdotes adaptados \u00e0s condi\u00e7\u00f5es locais e consolidar por assim dizer o \u00abrosto amaz\u00f4nico\u00bb da Igreja\u201d.<\/p>\n<p><img decoding=\"async\" loading=\"lazy\" class=\" size-full wp-image-31998\" style=\"margin-left: auto;margin-right: auto\" src=\"https:\/\/www.cnbb.org.br\/wp-content\/uploads\/2020\/03\/padre-Justino.jpg\" alt=\"\" width=\"497\" height=\"331\" \/><\/p>\n<p style=\"text-align: justify\">Um exemplo de clero aut\u00f3ctone \u00e9 o padre salesiano Justino Sarmento Rezende, do povo Tucuyka. Ele \u00e9 o primeiro padre ind\u00edgena ordenado na diocese de S\u00e3o Gabriel da Cachoeira (AM), que atualmente possui outros sacerdotes de origem ind\u00edgena, tanto salesianos, como diocesanos e capuchinhos.<\/p>\n<p style=\"text-align: justify\">\u201cA voca\u00e7\u00e3o ao sacerd\u00f3cio para n\u00f3s ind\u00edgenas sempre foi um desafio, porque n\u00f3s est\u00e1vamos acostumados a receber os mission\u00e1rios, e depois de muitos anos n\u00f3s come\u00e7amos a sentir o chamado de Deus e acreditar que tamb\u00e9m n\u00f3s pod\u00edamos nos tornar padres\u201d, conta o padre Justino.<\/p>\n<p style=\"text-align: justify\">O presb\u00edtero, ordenado h\u00e1 23 anos, ressalta a contribui\u00e7\u00e3o que os ind\u00edgenas podem dar \u00e0 Igreja. \u201cN\u00f3s temos muitas riquezas dos nossos povos, tradi\u00e7\u00f5es, costumes, sabedorias, ent\u00e3o, tudo isso pode ser enriquecedor\u201d, considera. Padre Justino lembra que a Igreja chegou \u00e0s comunidades ind\u00edgenas atrav\u00e9s de mission\u00e1rios de v\u00e1rias nacionalidades, os quais contribu\u00edram tamb\u00e9m para o enriquecimento de suas culturas. \u201cPor isso que a Igreja sonha que todas as culturas, todas as dioceses tenham seu clero, para n\u00f3s \u00e9 uma realidade, porque n\u00f3s ind\u00edgenas, em nossos encontros, forma\u00e7\u00f5es nos preocupamos como n\u00f3s vamos assumir estes desafios de contribuir com a nossa Igreja cat\u00f3lica, com as sabedorias dos antepassados\u201d, explica.<\/p>\n<h3 style=\"text-align: justify\">Catequese<\/h3>\n<p style=\"text-align: justify\"><img decoding=\"async\" loading=\"lazy\" class=\" alignright size-full wp-image-31999\" style=\"float: right\" src=\"https:\/\/www.cnbb.org.br\/wp-content\/uploads\/2020\/03\/Leonardo-Tukano.jpg\" alt=\"\" width=\"303\" height=\"202\" \/>O ind\u00edgena Leonardo Ferraz Penteado, da tribo Tukano, \u00e9 professor e educador nas comunidades de S\u00e3o Gabriel da Cachoeira. Ele conta que \u00e9 feito um trabalho com os 13 povos ind\u00edgenas da regi\u00e3o. A catequese \u00e9 abordada na realidade daqueles povos, com suas culturas e l\u00ednguas. Ele lembra a contribui\u00e7\u00e3o do bispo diocesano: \u201cDom Edson Damian tem incentivado muito para que possamos assim desenvolver melhor e caminhar melhor para a vida crist\u00e3\u201d.<\/p>\n<p style=\"text-align: justify\">Leonardo tamb\u00e9m fala dos desafios enfrentados na atualidade, como o alcoolismo e as drogas. \u201cMas com o estudo e an\u00e1lises com o povo e as lideran\u00e7as, sempre vem ajudando com incentivos, atrav\u00e9s de nossos mission\u00e1rios e da diocese, e n\u00f3s sempre estamos orientando a nossa nova gera\u00e7\u00e3o ind\u00edgena para o futuro\u201d, pondera confiante.<\/p>\n<p>&nbsp;<\/p>\n<h5>Colabora\u00e7\u00e3o e fotos de\u00a0Osnilda Lima, fsp<\/h5>\n","protected":false},"excerpt":{"rendered":"<p>Convite \u00e9 \u201csair dos muros, das estruturas que nos defendem, ir ao encontro, acolhendo e integrando as diferen\u00e7as\u201d<\/p>\n","protected":false},"author":83,"featured_media":10377,"comment_status":"open","ping_status":"open","sticky":false,"template":"","format":"standard","meta":{"site-sidebar-layout":"default","site-content-layout":"default","ast-global-header-display":"","ast-banner-title-visibility":"","ast-main-header-display":"","ast-hfb-above-header-display":"","ast-hfb-below-header-display":"","ast-hfb-mobile-header-display":"","site-post-title":"","ast-breadcrumbs-content":"","ast-featured-img":"","footer-sml-layout":"","theme-transparent-header-meta":"","adv-header-id-meta":"","stick-header-meta":"","header-above-stick-meta":"","header-main-stick-meta":"","header-below-stick-meta":""},"categories":[925],"tags":[],"acf":[],"_links":{"self":[{"href":"https:\/\/www.cnbb.org.br\/cnbb-app\/wp\/v2\/posts\/10376"}],"collection":[{"href":"https:\/\/www.cnbb.org.br\/cnbb-app\/wp\/v2\/posts"}],"about":[{"href":"https:\/\/www.cnbb.org.br\/cnbb-app\/wp\/v2\/types\/post"}],"author":[{"embeddable":true,"href":"https:\/\/www.cnbb.org.br\/cnbb-app\/wp\/v2\/users\/83"}],"replies":[{"embeddable":true,"href":"https:\/\/www.cnbb.org.br\/cnbb-app\/wp\/v2\/comments?post=10376"}],"version-history":[{"count":0,"href":"https:\/\/www.cnbb.org.br\/cnbb-app\/wp\/v2\/posts\/10376\/revisions"}],"wp:featuredmedia":[{"embeddable":true,"href":"https:\/\/www.cnbb.org.br\/cnbb-app\/wp\/v2\/media\/10377"}],"wp:attachment":[{"href":"https:\/\/www.cnbb.org.br\/cnbb-app\/wp\/v2\/media?parent=10376"}],"wp:term":[{"taxonomy":"category","embeddable":true,"href":"https:\/\/www.cnbb.org.br\/cnbb-app\/wp\/v2\/categories?post=10376"},{"taxonomy":"post_tag","embeddable":true,"href":"https:\/\/www.cnbb.org.br\/cnbb-app\/wp\/v2\/tags?post=10376"}],"curies":[{"name":"wp","href":"https:\/\/api.w.org\/{rel}","templated":true}]}}