{"id":10393,"date":"2011-06-06T00:00:00","date_gmt":"2011-06-06T03:00:00","guid":{"rendered":"https:\/\/www.cnbb.org.br\/diocese-no-rio-de-janeiro-faz-romaria-do-meio-ambiente\/"},"modified":"2011-06-06T00:00:00","modified_gmt":"2011-06-06T03:00:00","slug":"diocese-no-rio-de-janeiro-faz-romaria-do-meio-ambiente","status":"publish","type":"post","link":"https:\/\/www.cnbb.org.br\/diocese-no-rio-de-janeiro-faz-romaria-do-meio-ambiente\/","title":{"rendered":"Diocese no Rio de Janeiro faz romaria do Meio Ambiente"},"content":{"rendered":"<p style=\"text-align: justify\">O Dia Mundial do Meio Ambiente na diocese de Barra do Pira\u00ed\/Volta Redonda (RJ) ganhou destaque, com a Romaria do Meio Ambiente, promovida pela Pastoral da Juventude diocesana (PJ), que procurou chamar a aten\u00e7\u00e3o para o tema da Campanha da Fraternidade 2011, com uma a\u00e7\u00e3o comunit\u00e1ria na cidade de Engenheiro Paulo de Frontin (RJ).<\/p>\n<p><!--more--><\/p>\n<p style=\"text-align: justify\">Os jovens sa\u00edram em caminhada recolhendo pilhas, baterias e garrafas pet, procurando destinar estes produtos a usinas de reciclagem do munic\u00edpio. De acordo com a coordena\u00e7\u00e3o da PJ, a iniciativa visou conscientizar o pr\u00f3prio jovem e a popula\u00e7\u00e3o em geral a colaborarem no reaproveitamento de materiais recicl\u00e1veis.<\/p>\n<p style=\"text-align: justify\">Ap\u00f3s o trabalho de conscientiza\u00e7\u00e3o teve um momento cultural com coreografias enfocando problemas sociais que afetam a juventude, como a viol\u00eancia, exterm\u00ednio de jovens, entre outros.<\/p>\n<p style=\"text-align: justify\">O bispo diocesano, dom Jo\u00e3o Maria Messi participou da a\u00e7\u00e3o, presidindo uma missa, na igreja Matriz de S\u00e3o Jo\u00e3o Batista.<\/p>\n<p style=\"text-align: justify\">\u201cVoc\u00eas fizeram valer as palavras de Jesus, hoje, sendo protagonistas de uma a\u00e7\u00e3o extremamente evang\u00e9lica que \u00e9 cuidar da vida no planeta. Obrigado, jovens e convido-os a continuarem conscientizando outros jovens a somarem campanhas de preserva\u00e7\u00e3o ambiental\u201d, enalteceu o bispo na homilia.<\/p>\n","protected":false},"excerpt":{"rendered":"<p>O Dia Mundial do Meio Ambiente na diocese de Barra do Pira\u00ed\/Volta Redonda (RJ) ganhou destaque, com a Romaria do Meio Ambiente, promovida pela Pastoral da Juventude diocesana (PJ), que procurou chamar a aten\u00e7\u00e3o para o tema da Campanha da Fraternidade 2011, com uma a\u00e7\u00e3o comunit\u00e1ria na cidade de Engenheiro Paulo de Frontin (RJ).<\/p>\n","protected":false},"author":83,"featured_media":10394,"comment_status":"open","ping_status":"open","sticky":false,"template":"","format":"standard","meta":{"site-sidebar-layout":"default","site-content-layout":"default","ast-global-header-display":"","ast-banner-title-visibility":"","ast-main-header-display":"","ast-hfb-above-header-display":"","ast-hfb-below-header-display":"","ast-hfb-mobile-header-display":"","site-post-title":"","ast-breadcrumbs-content":"","ast-featured-img":"","footer-sml-layout":"","theme-transparent-header-meta":"","adv-header-id-meta":"","stick-header-meta":"","header-above-stick-meta":"","header-main-stick-meta":"","header-below-stick-meta":""},"categories":[829],"tags":[],"acf":[],"_links":{"self":[{"href":"https:\/\/www.cnbb.org.br\/cnbb-app\/wp\/v2\/posts\/10393"}],"collection":[{"href":"https:\/\/www.cnbb.org.br\/cnbb-app\/wp\/v2\/posts"}],"about":[{"href":"https:\/\/www.cnbb.org.br\/cnbb-app\/wp\/v2\/types\/post"}],"author":[{"embeddable":true,"href":"https:\/\/www.cnbb.org.br\/cnbb-app\/wp\/v2\/users\/83"}],"replies":[{"embeddable":true,"href":"https:\/\/www.cnbb.org.br\/cnbb-app\/wp\/v2\/comments?post=10393"}],"version-history":[{"count":0,"href":"https:\/\/www.cnbb.org.br\/cnbb-app\/wp\/v2\/posts\/10393\/revisions"}],"wp:featuredmedia":[{"embeddable":true,"href":"https:\/\/www.cnbb.org.br\/cnbb-app\/wp\/v2\/media\/10394"}],"wp:attachment":[{"href":"https:\/\/www.cnbb.org.br\/cnbb-app\/wp\/v2\/media?parent=10393"}],"wp:term":[{"taxonomy":"category","embeddable":true,"href":"https:\/\/www.cnbb.org.br\/cnbb-app\/wp\/v2\/categories?post=10393"},{"taxonomy":"post_tag","embeddable":true,"href":"https:\/\/www.cnbb.org.br\/cnbb-app\/wp\/v2\/tags?post=10393"}],"curies":[{"name":"wp","href":"https:\/\/api.w.org\/{rel}","templated":true}]}}