{"id":10395,"date":"2011-06-06T00:00:00","date_gmt":"2011-06-06T03:00:00","guid":{"rendered":"https:\/\/www.cnbb.org.br\/ato-publico-em-defesa-do-meio-ambiente-reune-centenas-de-pessoas-de-pesqueira\/"},"modified":"2011-06-06T00:00:00","modified_gmt":"2011-06-06T03:00:00","slug":"ato-publico-em-defesa-do-meio-ambiente-reune-centenas-de-pessoas-de-pesqueira","status":"publish","type":"post","link":"https:\/\/www.cnbb.org.br\/ato-publico-em-defesa-do-meio-ambiente-reune-centenas-de-pessoas-de-pesqueira\/","title":{"rendered":"Ato P\u00fablico em defesa do meio ambiente re\u00fane centenas de pessoas de Pesqueira"},"content":{"rendered":"<p style=\"text-align: justify\">Centenas de fieis, vindos das par\u00f3quias e comunidades da diocese de Pesqueira (PE) participaram, ontem, 5, de um ato p\u00fablico em defesa do meio ambiente. O encontro foi realizado na Pra\u00e7a Comendador Jos\u00e9 Didier (Pra\u00e7a da Rosa), no centro da cidade, e contou com as presen\u00e7as do bispo diocesano, dom Francisco Biasin, da prefeita Cleide Oliveira, de secret\u00e1rios municipais, de padres, religiosos e freiras, al\u00e9m de representantes de v\u00e1rias entidades cat\u00f3licas, alunos de diversas unidades educacionais e representantes da sociedade do munic\u00edpio.<\/p>\n<p><!--more--><\/p>\n<p style=\"text-align: justify\">O Ato P\u00fablico, realizado no Dia Mundial da Ecologia e do Meio Ambiente, fez parte das atividades em torno da Campanha da Fraternidade deste ano: \u201cFraternidade e Vida no Planeta\u201d. V\u00e1rias cidades de Pernambuco, do Nordeste e de todo pa\u00eds tamb\u00e9m realizaram a\u00e7\u00f5es para conscientizar a popula\u00e7\u00e3o sobre a preserva\u00e7\u00e3o do meio ambiente. Em Pesqueira, o ato p\u00fablico come\u00e7ou com uma caminhada das par\u00f3quias da Pitanga, Catedral, Convento e da Vila An\u00e1polis. Os fieis se organizaram e partiram em passeata at\u00e9 o local do evento.<\/p>\n<p style=\"text-align: justify\"><img decoding=\"async\" loading=\"lazy\" class=\" alignleft size-full wp-image-10140\" style=\"float: left\" src=\"https:\/\/www.cnbb.org.br\/wp-content\/uploads\/2020\/03\/diocesedepesqueira2.jpg\" alt=\"diocesedepesqueira2\" width=\"300\" height=\"225\" \/>Inicialmente, frei Francisco Gon\u00e7alves, fez uma explana\u00e7\u00e3o sobre o evento, seguida por uma apresenta\u00e7\u00e3o teatral do Col\u00e9gio Santa Dorot\u00e9ia, ao som da m\u00fasica tema da Campanha da Fraternidade. Houve ainda apresenta\u00e7\u00e3o de um cordel, declamado por um integrante dos Homens do Ter\u00e7o; dramatiza\u00e7\u00e3o dos alunos da escola Arco-\u00edris; coreografia da Escola S\u00e3o Jos\u00e9 e apresenta\u00e7\u00e3o da banda marcial. Logo ap\u00f3s, um documento elaborado por todas as par\u00f3quias de Pesqueira, com a participa\u00e7\u00e3o da C\u00e1ritas e do Centro de Apoio ao Pequeno Produtor (CEDAPP), da Pastoral da Crian\u00e7a e de v\u00e1rios movimentos eclesiais e de organismos da sociedade pesqueirense, foi entregue \u00e0 prefeita, solicitando a\u00e7\u00f5es mais en\u00e9rgicas em defesa do meio ambiente. A carta tamb\u00e9m continha uma s\u00e9rie de sugest\u00f5es ao Poder P\u00fablico Municipal.<\/p>\n<p style=\"text-align: justify\">Dom Francisco Biasin, afirmou que \u201ca Igreja n\u00e3o pode ficar de fora das quest\u00f5es ambientais\u201d, t\u00e3o importantes para a sobreviv\u00eancia do ser humano. O bispo citou que ele pr\u00f3prio passou por uma \u201cconvers\u00e3o ecol\u00f3gica\u201d. \u201cAntes de discutir sobre religi\u00e3o, precisamos nos unir e ajudar a salvar o mundo. N\u00e3o posso falar em religi\u00e3o, quando n\u00e3o fa\u00e7o nada pelo planeta\u201d, avaliou.<br \/>\n\u201c\u00c1gua n\u00e3o \u00e9 mercadoria. Um litro de \u00e1gua mineral engarrafada custa mais que um litro de combust\u00edvel\u201d, denunciou o religioso.<\/p>\n<p style=\"text-align: justify\">Dom Biasin falou ainda da import\u00e2ncia das fontes de energias renov\u00e1veis e contra os agrot\u00f3xicos. \u201cVamos pensar e lutar pelo futuro da humanidade, dos nossos netos, dos nossos filhos\u201d, pediu a todos. O bispo lembrou ainda que nosso planeta disp\u00f5e da energia solar, da for\u00e7a dos ventos para gerar energia, e de uma nova tecnologia que poder\u00e1 ser um divisor de \u00e1guas no quesito gera\u00e7\u00e3o de energia renov\u00e1vel: a produ\u00e7\u00e3o da for\u00e7a el\u00e9trica atrav\u00e9s das ondas do mar.<\/p>\n<p style=\"text-align: justify\">A representante da C\u00e1ritas Diocesana de Pesqueira, Neilda Pereira da Silva, falou sobre as a\u00e7\u00f5es j\u00e1 realizadas pelos poderes p\u00fablicos no munic\u00edpio. Deu como exemplo, a implanta\u00e7\u00e3o da Sala Verde e da cria\u00e7\u00e3o da Secretaria do Meio Ambiente na cidade. Mas, informou que os colaboradores da confec\u00e7\u00e3o da Carta de Inten\u00e7\u00f5es detectaram alguns pontos onde poder\u00e1 ter mais a\u00e7\u00e3o do Governo Municipal: saneamento, ac\u00famulo de lixo, sa\u00fade p\u00fablica, coloca\u00e7\u00e3o de cestas de lixo e campanha de conscientiza\u00e7\u00e3o do meio ambiente.<\/p>\n<p style=\"text-align: justify\">As entidades respons\u00e1veis pela elabora\u00e7\u00e3o da carta se propuseram a \u201cunir for\u00e7as\u201d para ajudar na preserva\u00e7\u00e3o do meio ambiente.<\/p>\n","protected":false},"excerpt":{"rendered":"<p>Centenas de fieis, vindos das par\u00f3quias e comunidades da diocese de Pesqueira (PE) participaram, ontem, 5, de um ato p\u00fablico em defesa do meio ambiente. O encontro foi realizado na Pra\u00e7a Comendador Jos\u00e9 Didier (Pra\u00e7a da Rosa), no centro da cidade, e contou com as presen\u00e7as do bispo diocesano, dom Francisco Biasin, da prefeita Cleide &hellip;<\/p>\n<p class=\"read-more\"> <a class=\"\" href=\"https:\/\/www.cnbb.org.br\/ato-publico-em-defesa-do-meio-ambiente-reune-centenas-de-pessoas-de-pesqueira\/\"> <span class=\"screen-reader-text\">Ato P\u00fablico em defesa do meio ambiente re\u00fane centenas de pessoas de Pesqueira<\/span> Leia mais &raquo;<\/a><\/p>\n","protected":false},"author":83,"featured_media":10396,"comment_status":"open","ping_status":"open","sticky":false,"template":"","format":"standard","meta":{"site-sidebar-layout":"default","site-content-layout":"default","ast-global-header-display":"","ast-banner-title-visibility":"","ast-main-header-display":"","ast-hfb-above-header-display":"","ast-hfb-below-header-display":"","ast-hfb-mobile-header-display":"","site-post-title":"","ast-breadcrumbs-content":"","ast-featured-img":"","footer-sml-layout":"","theme-transparent-header-meta":"","adv-header-id-meta":"","stick-header-meta":"","header-above-stick-meta":"","header-main-stick-meta":"","header-below-stick-meta":""},"categories":[829],"tags":[],"acf":[],"_links":{"self":[{"href":"https:\/\/www.cnbb.org.br\/cnbb-app\/wp\/v2\/posts\/10395"}],"collection":[{"href":"https:\/\/www.cnbb.org.br\/cnbb-app\/wp\/v2\/posts"}],"about":[{"href":"https:\/\/www.cnbb.org.br\/cnbb-app\/wp\/v2\/types\/post"}],"author":[{"embeddable":true,"href":"https:\/\/www.cnbb.org.br\/cnbb-app\/wp\/v2\/users\/83"}],"replies":[{"embeddable":true,"href":"https:\/\/www.cnbb.org.br\/cnbb-app\/wp\/v2\/comments?post=10395"}],"version-history":[{"count":0,"href":"https:\/\/www.cnbb.org.br\/cnbb-app\/wp\/v2\/posts\/10395\/revisions"}],"wp:featuredmedia":[{"embeddable":true,"href":"https:\/\/www.cnbb.org.br\/cnbb-app\/wp\/v2\/media\/10396"}],"wp:attachment":[{"href":"https:\/\/www.cnbb.org.br\/cnbb-app\/wp\/v2\/media?parent=10395"}],"wp:term":[{"taxonomy":"category","embeddable":true,"href":"https:\/\/www.cnbb.org.br\/cnbb-app\/wp\/v2\/categories?post=10395"},{"taxonomy":"post_tag","embeddable":true,"href":"https:\/\/www.cnbb.org.br\/cnbb-app\/wp\/v2\/tags?post=10395"}],"curies":[{"name":"wp","href":"https:\/\/api.w.org\/{rel}","templated":true}]}}