{"id":10399,"date":"2011-08-20T00:00:00","date_gmt":"2011-08-20T03:00:00","guid":{"rendered":"https:\/\/www.cnbb.org.br\/bento-xvi-exorta-os-seminaristas-a-nao-terem-medo-de-ambiente-que-exclui-deus\/"},"modified":"2011-08-20T00:00:00","modified_gmt":"2011-08-20T03:00:00","slug":"bento-xvi-exorta-os-seminaristas-a-nao-terem-medo-de-ambiente-que-exclui-deus","status":"publish","type":"post","link":"https:\/\/www.cnbb.org.br\/bento-xvi-exorta-os-seminaristas-a-nao-terem-medo-de-ambiente-que-exclui-deus\/","title":{"rendered":"Bento XVI exorta os seminaristas a n\u00e3o terem medo de ambiente que exclui Deus"},"content":{"rendered":"<p style=\"text-align: justify\">MADRI &#8211; \u201cN\u00e3o vos deixeis amedrontar por um ambiente onde se pretende exclui Deus e no qual os principais crit\u00e9rios por que se rege a exist\u00eancia s\u00e3o, frequentemente, o poder, o ter e o prazer\u201d.\u00a0 Com estas palavras o papa Bento XVI exortou os mais de 4 mil seminaristas que participaram da missa que presidiu na manh\u00e3 de hoje, na Catedral Nossa Senhora La Real de La Almudena, em Madri.<\/p>\n<p><!--more--><\/p>\n<p style=\"text-align: justify\">O papa alertou os seminaristas sobre o risco de serem desprezados \u201ccomo se costuma fazer com quem aponta metas mais altas ou desmascara os \u00eddolos diante dos quais muitos se prostram hoje\u201d.<\/p>\n<p style=\"text-align: justify\">Bento XVI disse, ainda, que os seminaristas devem pedir a Cristo que lhes ensine a aproximar-se dos enfermos e dos pobres, \u201ccom simplicidade e generosidade\u201d. \u201cAfrontai este desafio sem complexos nem mediocridade, mas antes como uma forma estupenda de realizar a vida humana na gratuidade e no servi\u00e7o, sendo testemunhas de Deus feito homem, mensageiros da dignidade alt\u00edssima da pessoa humana\u201d, incentivou o papa.<\/p>\n<p style=\"text-align: justify\">Segundo o Pont\u00edfice, a prepara\u00e7\u00e3o dos seminaristas deve ser tempo de sil\u00eancio interior, ora\u00e7\u00e3o permanente, estudo constante e de progressia inser\u00e7\u00e3o nas atividades e estruturas pastorais da Igreja. Ele exortou a todos a buscarem a santidade. \u201cDevemos ser santos para n\u00e3o gerar uma contradi\u00e7\u00e3o entre o sinal que somos e a realidade que queremos significar\u201d.<\/p>\n<p style=\"text-align: justify\"><img decoding=\"async\" loading=\"lazy\" class=\" alignleft size-full wp-image-11315\" style=\"float: left\" title=\"Mais de 4 mil seminaristas participaram do encontro com o papa na catedral de Madri (foto: Madri2011)\" src=\"https:\/\/www.cnbb.org.br\/wp-content\/uploads\/2020\/03\/JMJ-BentoXVISeminaristas.jpg\" alt=\"JMJ-BentoXVISeminaristas\" width=\"362\" height=\"241\" \/>Antes da missa, o papa este no Parque do Retiro e atendeu a confiss\u00e3o de alguns jovens. No parque est\u00e3o montados 200 confession\u00e1rios para a \u201cFesta do Perd\u00e3o\u201d, realizada durante todos os dias da JMJ.<\/p>\n<p style=\"text-align: justify\">Bento XVI est\u00e1 em Madri desde ter\u00e7a-feira, 16, para presidir os principais atos da 26\u00aa Jornada Mundial da Juventude. Ainda hoje, \u00e0s 20:30h, ele preside a Vig\u00edlia de Adora\u00e7\u00e3o com os jovens no aer\u00f3dromo de Cuatro Vientos.<\/p>\n<p style=\"text-align: justify\">Antes da Vig\u00edlia, \u00e0s 19:40h (14:40h hor\u00e1rio de Bras\u00edlia), Bento XVI tem breve encontro com os jovens enfermos e com defici\u00eancia.<\/p>\n<p style=\"text-align: justify\">Amanh\u00e3, \u00e0s 9h (4h hor\u00e1rio de Bras\u00edlia), o papa preside a missa de encerramento da Jornada. \u00c0 tarde, \u00e0s 17:30h (hor\u00e1rio local), ele se contra com os volunt\u00e1rios da Jornada na Feira de Madri (IFEMA) e, \u00e0s 18:30h se despede das autoridades espanholas no aeroporto Bajaras de Madri, retornando a Roma.<\/p>\n<p style=\"text-align: justify\">Leia a \u00edntegra da<strong><span style=\"text-decoration: underline\"> <a href=\"http:\/\/cnbbjoomla.sitesparresia.com\/wp-content\/uploads\/sites\/85\/2011\/08\/Bento_XVI_em_Madri_-_Homiliaseminaristas.doc\" target=\"_blank\" rel=\"noopener\">homilia do papa<\/a><\/span><\/strong><\/p>\n","protected":false},"excerpt":{"rendered":"<p>MADRI &#8211; \u201cN\u00e3o vos deixeis amedrontar por um ambiente onde se pretende exclui Deus e no qual os principais crit\u00e9rios por que se rege a exist\u00eancia s\u00e3o, frequentemente, o poder, o ter e o prazer\u201d.\u00a0 Com estas palavras o papa Bento XVI exortou os mais de 4 mil seminaristas que participaram da missa que presidiu &hellip;<\/p>\n<p class=\"read-more\"> <a class=\"\" href=\"https:\/\/www.cnbb.org.br\/bento-xvi-exorta-os-seminaristas-a-nao-terem-medo-de-ambiente-que-exclui-deus\/\"> <span class=\"screen-reader-text\">Bento XVI exorta os seminaristas a n\u00e3o terem medo de ambiente que exclui Deus<\/span> Leia mais &raquo;<\/a><\/p>\n","protected":false},"author":83,"featured_media":10400,"comment_status":"open","ping_status":"open","sticky":false,"template":"","format":"standard","meta":{"site-sidebar-layout":"default","site-content-layout":"default","ast-global-header-display":"","ast-banner-title-visibility":"","ast-main-header-display":"","ast-hfb-above-header-display":"","ast-hfb-below-header-display":"","ast-hfb-mobile-header-display":"","site-post-title":"","ast-breadcrumbs-content":"","ast-featured-img":"","footer-sml-layout":"","theme-transparent-header-meta":"","adv-header-id-meta":"","stick-header-meta":"","header-above-stick-meta":"","header-main-stick-meta":"","header-below-stick-meta":""},"categories":[829],"tags":[],"acf":[],"_links":{"self":[{"href":"https:\/\/www.cnbb.org.br\/cnbb-app\/wp\/v2\/posts\/10399"}],"collection":[{"href":"https:\/\/www.cnbb.org.br\/cnbb-app\/wp\/v2\/posts"}],"about":[{"href":"https:\/\/www.cnbb.org.br\/cnbb-app\/wp\/v2\/types\/post"}],"author":[{"embeddable":true,"href":"https:\/\/www.cnbb.org.br\/cnbb-app\/wp\/v2\/users\/83"}],"replies":[{"embeddable":true,"href":"https:\/\/www.cnbb.org.br\/cnbb-app\/wp\/v2\/comments?post=10399"}],"version-history":[{"count":0,"href":"https:\/\/www.cnbb.org.br\/cnbb-app\/wp\/v2\/posts\/10399\/revisions"}],"wp:featuredmedia":[{"embeddable":true,"href":"https:\/\/www.cnbb.org.br\/cnbb-app\/wp\/v2\/media\/10400"}],"wp:attachment":[{"href":"https:\/\/www.cnbb.org.br\/cnbb-app\/wp\/v2\/media?parent=10399"}],"wp:term":[{"taxonomy":"category","embeddable":true,"href":"https:\/\/www.cnbb.org.br\/cnbb-app\/wp\/v2\/categories?post=10399"},{"taxonomy":"post_tag","embeddable":true,"href":"https:\/\/www.cnbb.org.br\/cnbb-app\/wp\/v2\/tags?post=10399"}],"curies":[{"name":"wp","href":"https:\/\/api.w.org\/{rel}","templated":true}]}}