{"id":10407,"date":"2012-06-17T00:00:00","date_gmt":"2012-06-17T03:00:00","guid":{"rendered":"https:\/\/www.cnbb.org.br\/santa-se-na-rio20-por-uma-alianca-entre-homem-e-meio-ambiente\/"},"modified":"2012-06-17T00:00:00","modified_gmt":"2012-06-17T03:00:00","slug":"santa-se-na-rio20-por-uma-alianca-entre-homem-e-meio-ambiente","status":"publish","type":"post","link":"https:\/\/www.cnbb.org.br\/santa-se-na-rio20-por-uma-alianca-entre-homem-e-meio-ambiente\/","title":{"rendered":"Santa S\u00e9 na Rio+20: Por uma alian\u00e7a entre homem e meio ambiente"},"content":{"rendered":"<div style=\"text-align: justify\"><\/div>\n<div style=\"text-align: justify\">\u201cPor uma alian\u00e7a entre homem e meio ambiente.\u201d Este \u00e9 o t\u00edtulo do documento divulgado pela Santa S\u00e9 sobre a Confer\u00eancia das Na\u00e7\u00f5es Unidas sobre desenvolvimento sustent\u00e1vel (Rio+20), contendo algumas recomenda\u00e7\u00f5es aos participantes da III Sess\u00e3o do Comit\u00ea Preparat\u00f3rio, que terminou na \u00faltima sexta-feira, 15 de junho, no Rio de Janeiro.<\/div>\n<div style=\"text-align: justify\"><\/div>\n<p><!--more--><\/p>\n<div style=\"text-align: justify\">\nA Santa S\u00e9 considera a Rio+20 uma importante etapa de um percurso que ofereceu contribui\u00e7\u00f5es significativas para compreender melhor o conceito de desenvolvimento sustent\u00e1vel. No \u00e2mbito deste percurso, emergiu um consenso un\u00e2nime sobre o fato de que a tutela do meio ambiente passa por um melhoramento da vida dos povos e, vice-versa, que a degrada\u00e7\u00e3o ambiental e o subdesenvolvimento s\u00e3o temas relacionados entre si e interdependentes.<\/p>\n<p>Em todos os eventos internacionais, a presen\u00e7a da Santa S\u00e9 \u00e9 caracterizada n\u00e3o tanto na promo\u00e7\u00e3o de solu\u00e7\u00f5es t\u00e9cnicas, mas, sobretudo, em destacar que n\u00e3o se pode reduzir a um problema \u201ct\u00e9cnico\u201d tudo o que diz respeito \u00e0 dignidade do homem e dos povos. A busca de solu\u00e7\u00f5es n\u00e3o pode ser separada da nossa compreens\u00e3o do ser humano.<\/p>\n<p>O ser humano, de fato, est\u00e1 em primeiro lugar. \u00c9 a pessoa humana que est\u00e1 no centro do desenvolvimento sustent\u00e1vel. Cabe a ela a boa gest\u00e3o da natureza, e por isso n\u00e3o pode ser dominada pela t\u00e9cnica e se tornar para ela um objeto. Essa conscientiza\u00e7\u00e3o deve levar os Estados a refletirem juntos sobre o futuro do planeta a curto e m\u00e9dio prazo.<\/p>\n<p>Colocar o bem do ser humano no centro da aten\u00e7\u00e3o para o desenvolvimento sustent\u00e1vel \u00e9, na realidade, a maneira mais segura para alcan\u00e7ar este fim, assim como para a prote\u00e7\u00e3o da natureza.<\/p>\n<p>Partindo desses pressupostos, a Santa S\u00e9 prop\u00f5e aos participantes da Rio+20 uma s\u00e9rie de reflex\u00f5es sobre alguns aspectos que t\u00eam repercuss\u00f5es \u00e9ticas e sociais sobre toda a humanidade. Entre eles, o princ\u00edpio da subsidiariedade, o desenvolvimento humano integral e a economia verde.<\/p>\n<p>A Santa S\u00e9 deseja que o resultado da Rio+20 seja considerado n\u00e3o somente bom, mas tamb\u00e9m, e principalmente, um resultado inovador e capaz de olhar para o futuro, contribuindo para o bem-estar material e espiritual de todas as pessoas, de suas fam\u00edlias e comunidades.<\/p>\n<p>Acesse o site <a href=\"http:\/\/www.vatican.va\/roman_curia\/secretariat_state\/2012\/documents\/rc_seg-st_20120614_position-paper-rio_it.html\" target=\"_blank\" rel=\"noopener\">http:\/\/www.vatican.va\/roman_curia\/secretariat_state\/2012\/documents\/rc_seg-st_20120614_position-paper-rio_it.html<\/a> para consultar o documento em ingl\u00eas e italiano.<\/div>\n","protected":false},"excerpt":{"rendered":"<p>\u201cPor uma alian\u00e7a entre homem e meio ambiente.\u201d Este \u00e9 o t\u00edtulo do documento divulgado pela Santa S\u00e9 sobre a Confer\u00eancia das Na\u00e7\u00f5es Unidas sobre desenvolvimento sustent\u00e1vel (Rio+20), contendo algumas recomenda\u00e7\u00f5es aos participantes da III Sess\u00e3o do Comit\u00ea Preparat\u00f3rio, que terminou na \u00faltima sexta-feira, 15 de junho, no Rio de Janeiro.<\/p>\n","protected":false},"author":83,"featured_media":10408,"comment_status":"open","ping_status":"open","sticky":false,"template":"","format":"standard","meta":{"site-sidebar-layout":"default","site-content-layout":"default","ast-global-header-display":"","ast-banner-title-visibility":"","ast-main-header-display":"","ast-hfb-above-header-display":"","ast-hfb-below-header-display":"","ast-hfb-mobile-header-display":"","site-post-title":"","ast-breadcrumbs-content":"","ast-featured-img":"","footer-sml-layout":"","theme-transparent-header-meta":"","adv-header-id-meta":"","stick-header-meta":"","header-above-stick-meta":"","header-main-stick-meta":"","header-below-stick-meta":""},"categories":[829],"tags":[],"acf":[],"_links":{"self":[{"href":"https:\/\/www.cnbb.org.br\/cnbb-app\/wp\/v2\/posts\/10407"}],"collection":[{"href":"https:\/\/www.cnbb.org.br\/cnbb-app\/wp\/v2\/posts"}],"about":[{"href":"https:\/\/www.cnbb.org.br\/cnbb-app\/wp\/v2\/types\/post"}],"author":[{"embeddable":true,"href":"https:\/\/www.cnbb.org.br\/cnbb-app\/wp\/v2\/users\/83"}],"replies":[{"embeddable":true,"href":"https:\/\/www.cnbb.org.br\/cnbb-app\/wp\/v2\/comments?post=10407"}],"version-history":[{"count":0,"href":"https:\/\/www.cnbb.org.br\/cnbb-app\/wp\/v2\/posts\/10407\/revisions"}],"wp:featuredmedia":[{"embeddable":true,"href":"https:\/\/www.cnbb.org.br\/cnbb-app\/wp\/v2\/media\/10408"}],"wp:attachment":[{"href":"https:\/\/www.cnbb.org.br\/cnbb-app\/wp\/v2\/media?parent=10407"}],"wp:term":[{"taxonomy":"category","embeddable":true,"href":"https:\/\/www.cnbb.org.br\/cnbb-app\/wp\/v2\/categories?post=10407"},{"taxonomy":"post_tag","embeddable":true,"href":"https:\/\/www.cnbb.org.br\/cnbb-app\/wp\/v2\/tags?post=10407"}],"curies":[{"name":"wp","href":"https:\/\/api.w.org\/{rel}","templated":true}]}}