{"id":10424,"date":"2016-02-29T00:00:00","date_gmt":"2016-02-29T03:00:00","guid":{"rendered":"https:\/\/www.cnbb.org.br\/arquidiocese-de-mariana-realizara-seminario-sobre-meio-ambiente\/"},"modified":"2016-02-29T00:00:00","modified_gmt":"2016-02-29T03:00:00","slug":"arquidiocese-de-mariana-realizara-seminario-sobre-meio-ambiente","status":"publish","type":"post","link":"https:\/\/www.cnbb.org.br\/arquidiocese-de-mariana-realizara-seminario-sobre-meio-ambiente\/","title":{"rendered":"Arquidiocese de Mariana realizar\u00e1 semin\u00e1rio sobre Meio Ambiente"},"content":{"rendered":"<p>Evento reunir\u00e1 todas as dioceses que comp\u00f5em a Bacia do Rio Doce<\/p>\n<p><!--more--><\/p>\n<p style=\"text-align: justify\">Com o tema \u201cBacia do Rio Doce, nossa casa comum: corresponsabilidade de todos frente \u00e0 vida amea\u00e7ada&#8221;,\u00a0a Comiss\u00e3o de Meio Ambiente da Prov\u00edncia Eclesi\u00e1stica de Mariana realizar\u00e1 semin\u00e1rio, de 4 a 6 de mar\u00e7o. O evento, que \u00e9 acolhido pela arquidiocese de Mariana, reunir\u00e1\u00a0os representantes das dioceses da Bacia e lideran\u00e7as ligadas \u00e0s quest\u00f5es do meio ambiente, no Col\u00e9gio Provid\u00eancia, em Mariana (MG).<\/p>\n<p style=\"text-align: justify\">Segundo o assessor da dimens\u00e3o sociopol\u00edtica da arquidiocese de Mariana, padre Marcelo Santiago, o semin\u00e1rio tem como objetivo fazer uma conjuntura ap\u00f3s o rompimento da barragem de Fund\u00e3o e seus desdobramentos. \u201cPretendemos aprofundar os conhecimentos sobre as leis que regem as atividades minerais no Brasil e estabelecer uma discuss\u00e3o sobre a bacia do Rio Doce que queremos\u201d, explica.<\/p>\n<p style=\"text-align: justify\">Para a militante do Movimento por Atingidos por Barragem (MAB), que tamb\u00e9m est\u00e1 colaborando com as quest\u00f5es\u00a0que ser\u00e3o debatidas no semin\u00e1rio, Let\u00edcia Oliveira, o momento \u00e9 importante para pensar e analisar as a\u00e7\u00f5es dos atingidos junto \u00e0s dioceses. \u201cPoderemos pensar em a\u00e7\u00f5es conjuntas. O MAB vem para fortalecer o processo\u201d, afirmou.<\/p>\n<p style=\"text-align: justify\">Informa\u00e7\u00f5es podem sem obtidas por meio do telefone: (31) 3557-3167.<\/p>\n<p>&nbsp;<\/p>\n","protected":false},"excerpt":{"rendered":"<p>Evento reunir\u00e1 todas as dioceses que comp\u00f5em a Bacia do Rio Doce<\/p>\n","protected":false},"author":83,"featured_media":10425,"comment_status":"open","ping_status":"open","sticky":false,"template":"","format":"standard","meta":{"site-sidebar-layout":"default","site-content-layout":"default","ast-global-header-display":"","ast-banner-title-visibility":"","ast-main-header-display":"","ast-hfb-above-header-display":"","ast-hfb-below-header-display":"","ast-hfb-mobile-header-display":"","site-post-title":"","ast-breadcrumbs-content":"","ast-featured-img":"","footer-sml-layout":"","theme-transparent-header-meta":"","adv-header-id-meta":"","stick-header-meta":"","header-above-stick-meta":"","header-main-stick-meta":"","header-below-stick-meta":""},"categories":[829],"tags":[],"acf":[],"_links":{"self":[{"href":"https:\/\/www.cnbb.org.br\/cnbb-app\/wp\/v2\/posts\/10424"}],"collection":[{"href":"https:\/\/www.cnbb.org.br\/cnbb-app\/wp\/v2\/posts"}],"about":[{"href":"https:\/\/www.cnbb.org.br\/cnbb-app\/wp\/v2\/types\/post"}],"author":[{"embeddable":true,"href":"https:\/\/www.cnbb.org.br\/cnbb-app\/wp\/v2\/users\/83"}],"replies":[{"embeddable":true,"href":"https:\/\/www.cnbb.org.br\/cnbb-app\/wp\/v2\/comments?post=10424"}],"version-history":[{"count":0,"href":"https:\/\/www.cnbb.org.br\/cnbb-app\/wp\/v2\/posts\/10424\/revisions"}],"wp:featuredmedia":[{"embeddable":true,"href":"https:\/\/www.cnbb.org.br\/cnbb-app\/wp\/v2\/media\/10425"}],"wp:attachment":[{"href":"https:\/\/www.cnbb.org.br\/cnbb-app\/wp\/v2\/media?parent=10424"}],"wp:term":[{"taxonomy":"category","embeddable":true,"href":"https:\/\/www.cnbb.org.br\/cnbb-app\/wp\/v2\/categories?post=10424"},{"taxonomy":"post_tag","embeddable":true,"href":"https:\/\/www.cnbb.org.br\/cnbb-app\/wp\/v2\/tags?post=10424"}],"curies":[{"name":"wp","href":"https:\/\/api.w.org\/{rel}","templated":true}]}}