{"id":10431,"date":"2008-08-10T00:00:00","date_gmt":"2008-08-10T03:00:00","guid":{"rendered":"https:\/\/www.cnbb.org.br\/meio-ambiente-amazonico-e-as-cebs-2\/"},"modified":"2008-08-10T00:00:00","modified_gmt":"2008-08-10T03:00:00","slug":"meio-ambiente-amazonico-e-as-cebs-2","status":"publish","type":"post","link":"https:\/\/www.cnbb.org.br\/meio-ambiente-amazonico-e-as-cebs-2\/","title":{"rendered":"Meio Ambiente Amaz\u00f4nico e as CEBs"},"content":{"rendered":"<p style=\"text-align: justify\">Com o objetivo de refletir sobre a realidade da Amaz\u00f4nia, reunimo-nos, em Porto Velho\/RO, um grupo de 55 pessoas, incluindo 10 bispos, 13 assessores e 32<\/p>\n<p><!--more--><\/p>\n<p style=\"text-align: justify\">membros da equipe ampliada nacional das Comunidades Eclesiais de Base (CEBs). Iniciamos as atividades aos p\u00e9s de um jambeiro, sob o calor do sol e com algumas formigas subindo em nossas pernas. Ouvimos o relato b\u00edblico da cria\u00e7\u00e3o e oramos a Deus para nos ajudar a cuidar da Amaz\u00f4nia e de toda obra criada.<\/p>\n<p style=\"text-align: justify\">Olhamos para as belezas da Amaz\u00f4nia, habitada por povos de m\u00faltiplas tradi\u00e7\u00f5es, formada pela floresta que constitui um verdadeiro \u201cpulm\u00e3o verde\u201d do planeta e caracterizada por uma rica biodiversidade. Tamb\u00e9m discutimos em torno dos diversos problemas, entre os quais a internacionaliza\u00e7\u00e3o da Amaz\u00f4nia e a apropria\u00e7\u00e3o capitalista dos seus bens naturais; a depreda\u00e7\u00e3o ambiental, com o desmatamento e o exterm\u00ednio de esp\u00e9cies animais. Por outro lado, vimos que existem v\u00e1rias iniciativas importantes e muitos desafios a enfrentar. A miss\u00e3o j\u00e1 est\u00e1 em andamento h\u00e1 um bom tempo, sempre animada pela m\u00edstica que fortalece a luta pela liberta\u00e7\u00e3o integral. Nesse sentido n\u00e3o nos faltam exemplos de vida dedicada e mesmo martirizada, como \u00e9 o caso de Chico Mendes, padre Josimo, padre Ezequiel Ramin, Ir. Dorothy Stang, \u00edndio Mar\u00e7al, Ir. Cleusa, m\u00e1rtires de Eldorado dos Caraj\u00e1s e outros. A seguir, apresentamos uma breve s\u00edntese dos trabalhos, ressaltando alguns pontos principais tratados em cada um dos tr\u00eas dias do nosso semin\u00e1rio.<\/p>\n<h3 style=\"text-align: justify\"><a href=\"http:\/\/cnbbjoomla.sitesparresia.com\/wp-content\/uploads\/sites\/85\/2008\/08\/files_486e0c939f642.pdf\" target=\"_blank\" rel=\"noopener\">Confira a \u00edntega do Relat\u00f3rio do semin\u00e1rio de estudos sobre o Meio Ambiente Amaz\u00f4nico e as CEBS.<\/a><\/h3>\n","protected":false},"excerpt":{"rendered":"<p>Com o objetivo de refletir sobre a realidade da Amaz\u00f4nia, reunimo-nos, em Porto Velho\/RO, um grupo de 55 pessoas, incluindo 10 bispos, 13 assessores e 32<\/p>\n","protected":false},"author":83,"featured_media":0,"comment_status":"open","ping_status":"open","sticky":false,"template":"","format":"standard","meta":{"site-sidebar-layout":"default","site-content-layout":"default","ast-global-header-display":"","ast-banner-title-visibility":"","ast-main-header-display":"","ast-hfb-above-header-display":"","ast-hfb-below-header-display":"","ast-hfb-mobile-header-display":"","site-post-title":"","ast-breadcrumbs-content":"","ast-featured-img":"","footer-sml-layout":"","theme-transparent-header-meta":"","adv-header-id-meta":"","stick-header-meta":"","header-above-stick-meta":"","header-main-stick-meta":"","header-below-stick-meta":""},"categories":[829],"tags":[],"acf":[],"_links":{"self":[{"href":"https:\/\/www.cnbb.org.br\/cnbb-app\/wp\/v2\/posts\/10431"}],"collection":[{"href":"https:\/\/www.cnbb.org.br\/cnbb-app\/wp\/v2\/posts"}],"about":[{"href":"https:\/\/www.cnbb.org.br\/cnbb-app\/wp\/v2\/types\/post"}],"author":[{"embeddable":true,"href":"https:\/\/www.cnbb.org.br\/cnbb-app\/wp\/v2\/users\/83"}],"replies":[{"embeddable":true,"href":"https:\/\/www.cnbb.org.br\/cnbb-app\/wp\/v2\/comments?post=10431"}],"version-history":[{"count":0,"href":"https:\/\/www.cnbb.org.br\/cnbb-app\/wp\/v2\/posts\/10431\/revisions"}],"wp:attachment":[{"href":"https:\/\/www.cnbb.org.br\/cnbb-app\/wp\/v2\/media?parent=10431"}],"wp:term":[{"taxonomy":"category","embeddable":true,"href":"https:\/\/www.cnbb.org.br\/cnbb-app\/wp\/v2\/categories?post=10431"},{"taxonomy":"post_tag","embeddable":true,"href":"https:\/\/www.cnbb.org.br\/cnbb-app\/wp\/v2\/tags?post=10431"}],"curies":[{"name":"wp","href":"https:\/\/api.w.org\/{rel}","templated":true}]}}