{"id":10508,"date":"2010-12-09T00:00:00","date_gmt":"2010-12-09T02:00:00","guid":{"rendered":"https:\/\/www.cnbb.org.br\/divulgado-documento-final-do-encontro-sobre-migracao-na-america-latina\/"},"modified":"2010-12-09T00:00:00","modified_gmt":"2010-12-09T02:00:00","slug":"divulgado-documento-final-do-encontro-sobre-migracao-na-america-latina","status":"publish","type":"post","link":"https:\/\/www.cnbb.org.br\/divulgado-documento-final-do-encontro-sobre-migracao-na-america-latina\/","title":{"rendered":"Divulgado documento final do encontro sobre migra\u00e7\u00e3o na Am\u00e9rica Latina"},"content":{"rendered":"<p style=\"text-align: justify\">Foi divulgado ontem, 8, o documento final do Encontro Continental Latino-americano de Pastoral dos Migrantes, realizado em Bogot\u00e1, Col\u00f4mbia, entre os dias 17 e 20 do m\u00eas passado. O evento foi organizado pelo Pontif\u00edcio Conselho da Pastoral para os Migrantes e os Itinerantes, em colabora\u00e7\u00e3o com a Se\u00e7\u00e3o de Mobilidade Humana do CELAM (Conselho Episcopal Latino-Americano).<\/p>\n<p><!--more--><\/p>\n<p style=\"text-align: justify\">O encontro teve como tema \u201cPara uma melhor pastoral das migra\u00e7\u00f5es econ\u00f4micas e for\u00e7adas na Am\u00e9rica Latina e no Caribe\u201d. Segundo a ag\u00eancia SIR, o documento destaca a necessidade \u201curgente\u2019 de ajudar os imigrantes \u201ce todos aqueles que se sentem deslocados e perdidos neste duro caminho, para que se sintam em casa na terra que lhe oferece o p\u00e3o para viver e na Igreja onde o P\u00e3o da Vida, alimenta novas esperan\u00e7as\u201d<\/p>\n<p style=\"text-align: justify\">\u201cH\u00e1 um not\u00e1vel aumento tanto da emigra\u00e7\u00e3o quanto da imigra\u00e7\u00e3o, da migra\u00e7\u00e3o feminina, das deporta\u00e7\u00f5es maci\u00e7as e do tr\u00e1fico de pessoas, resultado tamb\u00e9m da globaliza\u00e7\u00e3o, da crise do mercado liberal e da economia global, em geral\u201d, destaca o documento.<\/p>\n<p style=\"text-align: justify\">O texto traz tamb\u00e9m recomenda\u00e7\u00f5es como o convite \u00e0 comunidade crist\u00e3 e a todas as organiza\u00e7\u00f5es dos pa\u00edses de destina\u00e7\u00e3o \u201cpara que ap\u00f3iem as iniciativas que buscam estabelecer organiza\u00e7\u00f5es de imigrantes, para que eles mesmos possam oferecer a sua contribui\u00e7\u00e3o como atores e interlocutores na sociedade que os acolhe\u201d.<\/p>\n<p style=\"text-align: justify\">Outra recomenda\u00e7\u00e3o aponta para o envolvimento direto dos pr\u00f3prios migrantes em a\u00e7\u00f5es ativas em favor de outras pessoas que compartilham a sua condi\u00e7\u00e3o, de forma a criar \u201csinergia\u201d.<\/p>\n<p style=\"text-align: justify\">O documento ressalta, ainda, a import\u00e2ncia da forma\u00e7\u00e3o dos migrantes, \u201ctanto na vida de f\u00e9, como na vida profissional e de trabalho, procurando ajud\u00e1-los a aprender a l\u00edngua do pa\u00eds de chegada\u201d.<\/p>\n<p style=\"text-align: justify\">As comunidades crist\u00e3s s\u00e3o convidadas a \u201cfortalecerem as organiza\u00e7\u00f5es nas \u00e1reas de fronteira, formando pontes s\u00f3lidas em favor dos migrantes e daqueles que s\u00e3o for\u00e7ados a deixar suas casas, acompanhando especialmente os deportados ou os expulsos, e aqueles que decidem voluntariamente retornar aos seus pa\u00edses de origem\u201d.<\/p>\n<p style=\"text-align: justify\"><span style=\"font-size: 8pt\"><strong><em>CNBB\/RV<\/em><\/strong><\/span><\/p>\n","protected":false},"excerpt":{"rendered":"<p>Foi divulgado ontem, 8, o documento final do Encontro Continental Latino-americano de Pastoral dos Migrantes, realizado em Bogot\u00e1, Col\u00f4mbia, entre os dias 17 e 20 do m\u00eas passado. O evento foi organizado pelo Pontif\u00edcio Conselho da Pastoral para os Migrantes e os Itinerantes, em colabora\u00e7\u00e3o com a Se\u00e7\u00e3o de Mobilidade Humana do CELAM (Conselho Episcopal &hellip;<\/p>\n<p class=\"read-more\"> <a class=\"\" href=\"https:\/\/www.cnbb.org.br\/divulgado-documento-final-do-encontro-sobre-migracao-na-america-latina\/\"> <span class=\"screen-reader-text\">Divulgado documento final do encontro sobre migra\u00e7\u00e3o na Am\u00e9rica Latina<\/span> Leia mais &raquo;<\/a><\/p>\n","protected":false},"author":83,"featured_media":10509,"comment_status":"open","ping_status":"open","sticky":false,"template":"","format":"standard","meta":{"site-sidebar-layout":"default","site-content-layout":"default","ast-global-header-display":"","ast-banner-title-visibility":"","ast-main-header-display":"","ast-hfb-above-header-display":"","ast-hfb-below-header-display":"","ast-hfb-mobile-header-display":"","site-post-title":"","ast-breadcrumbs-content":"","ast-featured-img":"","footer-sml-layout":"","theme-transparent-header-meta":"","adv-header-id-meta":"","stick-header-meta":"","header-above-stick-meta":"","header-main-stick-meta":"","header-below-stick-meta":""},"categories":[804],"tags":[],"acf":[],"_links":{"self":[{"href":"https:\/\/www.cnbb.org.br\/cnbb-app\/wp\/v2\/posts\/10508"}],"collection":[{"href":"https:\/\/www.cnbb.org.br\/cnbb-app\/wp\/v2\/posts"}],"about":[{"href":"https:\/\/www.cnbb.org.br\/cnbb-app\/wp\/v2\/types\/post"}],"author":[{"embeddable":true,"href":"https:\/\/www.cnbb.org.br\/cnbb-app\/wp\/v2\/users\/83"}],"replies":[{"embeddable":true,"href":"https:\/\/www.cnbb.org.br\/cnbb-app\/wp\/v2\/comments?post=10508"}],"version-history":[{"count":0,"href":"https:\/\/www.cnbb.org.br\/cnbb-app\/wp\/v2\/posts\/10508\/revisions"}],"wp:featuredmedia":[{"embeddable":true,"href":"https:\/\/www.cnbb.org.br\/cnbb-app\/wp\/v2\/media\/10509"}],"wp:attachment":[{"href":"https:\/\/www.cnbb.org.br\/cnbb-app\/wp\/v2\/media?parent=10508"}],"wp:term":[{"taxonomy":"category","embeddable":true,"href":"https:\/\/www.cnbb.org.br\/cnbb-app\/wp\/v2\/categories?post=10508"},{"taxonomy":"post_tag","embeddable":true,"href":"https:\/\/www.cnbb.org.br\/cnbb-app\/wp\/v2\/tags?post=10508"}],"curies":[{"name":"wp","href":"https:\/\/api.w.org\/{rel}","templated":true}]}}