{"id":10510,"date":"2011-01-31T00:00:00","date_gmt":"2011-01-31T02:00:00","guid":{"rendered":"https:\/\/www.cnbb.org.br\/congresso-continental-de-vocacoes-da-america-latina-acontece-na-costa-rica\/"},"modified":"2011-01-31T00:00:00","modified_gmt":"2011-01-31T02:00:00","slug":"congresso-continental-de-vocacoes-da-america-latina-acontece-na-costa-rica","status":"publish","type":"post","link":"https:\/\/www.cnbb.org.br\/congresso-continental-de-vocacoes-da-america-latina-acontece-na-costa-rica\/","title":{"rendered":"Congresso Continental de Voca\u00e7\u00f5es da Am\u00e9rica Latina acontece na Costa Rica"},"content":{"rendered":"<p style=\"text-align: justify\">Teve in\u00edcio no dia 31 e segue at\u00e9 o pr\u00f3ximo s\u00e1bado, 5 de fevereiro, o 2\u00ba Congresso Continental de Voca\u00e7\u00f5es da Am\u00e9rica Latina, realizado em Cartago, na Costa Rica. O objetivo central do encontro \u00e9 refor\u00e7ar a cultura de voca\u00e7\u00f5es para o batizado ser incentivado a buscar a voca\u00e7\u00e3o de ser disc\u00edpulo e mission\u00e1rio de Cristo, nas circunst\u00e2ncias atuais do continente.<\/p>\n<p><!--more--><\/p>\n<p style=\"text-align: justify\">Convocado pelo Conselho Episcopal Latino-Americano (Celam) atrav\u00e9s do Departamento de Voca\u00e7\u00f5es, com coordena\u00e7\u00e3o da Confer\u00eancia Episcopal da Costa Rica, o encontro, que re\u00fane 400 pessoas, \u00e9 uma resposta aos desafios impostos pelo Documento de Aparecida (DAp) e destina-se a estimular a reflex\u00e3o dos participantes sobre a import\u00e2ncia da voca\u00e7\u00e3o e dar for\u00e7a ao processo de discernimento. O assessor da Comiss\u00e3o Episcopal Pastoral para os Minist\u00e9rios Ordenados e a Vida Consagrada da CNBB, padre Reginaldo de Lima, participa do encontro.<\/p>\n<p style=\"text-align: justify\">O bispo auxiliar de Guadalajara e secret\u00e1rio geral do Celam, dom Jos\u00e9 Leopoldo Gonz\u00e1lez Gonz\u00e1lez, disse que o encontro \u00e9 importante para lembrar que todos t\u00eam uma voca\u00e7\u00e3o espec\u00edfica e que est\u00e3o destinadas a ela. \u201cO encontro \u00e9 importante para voltar \u00e0 natureza da voca\u00e7\u00e3o e reconhecer que estamos destinados a uma voca\u00e7\u00e3o espec\u00edfica com o objetivo da santidade. O discernimento vocacional \u00e9 essencial para fortalecer e renovar-nos para que possamos contagiar outras pessoas atrav\u00e9s do testemunho de vida\u201d, sublinhou o bispo.<\/p>\n","protected":false},"excerpt":{"rendered":"<p>Teve in\u00edcio no dia 31 e segue at\u00e9 o pr\u00f3ximo s\u00e1bado, 5 de fevereiro, o 2\u00ba Congresso Continental de Voca\u00e7\u00f5es da Am\u00e9rica Latina, realizado em Cartago, na Costa Rica. O objetivo central do encontro \u00e9 refor\u00e7ar a cultura de voca\u00e7\u00f5es para o batizado ser incentivado a buscar a voca\u00e7\u00e3o de ser disc\u00edpulo e mission\u00e1rio de &hellip;<\/p>\n<p class=\"read-more\"> <a class=\"\" href=\"https:\/\/www.cnbb.org.br\/congresso-continental-de-vocacoes-da-america-latina-acontece-na-costa-rica\/\"> <span class=\"screen-reader-text\">Congresso Continental de Voca\u00e7\u00f5es da Am\u00e9rica Latina acontece na Costa Rica<\/span> Leia mais &raquo;<\/a><\/p>\n","protected":false},"author":83,"featured_media":10511,"comment_status":"open","ping_status":"open","sticky":false,"template":"","format":"standard","meta":{"site-sidebar-layout":"default","site-content-layout":"default","ast-global-header-display":"","ast-banner-title-visibility":"","ast-main-header-display":"","ast-hfb-above-header-display":"","ast-hfb-below-header-display":"","ast-hfb-mobile-header-display":"","site-post-title":"","ast-breadcrumbs-content":"","ast-featured-img":"","footer-sml-layout":"","theme-transparent-header-meta":"","adv-header-id-meta":"","stick-header-meta":"","header-above-stick-meta":"","header-main-stick-meta":"","header-below-stick-meta":""},"categories":[804],"tags":[],"acf":[],"_links":{"self":[{"href":"https:\/\/www.cnbb.org.br\/cnbb-app\/wp\/v2\/posts\/10510"}],"collection":[{"href":"https:\/\/www.cnbb.org.br\/cnbb-app\/wp\/v2\/posts"}],"about":[{"href":"https:\/\/www.cnbb.org.br\/cnbb-app\/wp\/v2\/types\/post"}],"author":[{"embeddable":true,"href":"https:\/\/www.cnbb.org.br\/cnbb-app\/wp\/v2\/users\/83"}],"replies":[{"embeddable":true,"href":"https:\/\/www.cnbb.org.br\/cnbb-app\/wp\/v2\/comments?post=10510"}],"version-history":[{"count":0,"href":"https:\/\/www.cnbb.org.br\/cnbb-app\/wp\/v2\/posts\/10510\/revisions"}],"wp:featuredmedia":[{"embeddable":true,"href":"https:\/\/www.cnbb.org.br\/cnbb-app\/wp\/v2\/media\/10511"}],"wp:attachment":[{"href":"https:\/\/www.cnbb.org.br\/cnbb-app\/wp\/v2\/media?parent=10510"}],"wp:term":[{"taxonomy":"category","embeddable":true,"href":"https:\/\/www.cnbb.org.br\/cnbb-app\/wp\/v2\/categories?post=10510"},{"taxonomy":"post_tag","embeddable":true,"href":"https:\/\/www.cnbb.org.br\/cnbb-app\/wp\/v2\/tags?post=10510"}],"curies":[{"name":"wp","href":"https:\/\/api.w.org\/{rel}","templated":true}]}}