{"id":10512,"date":"2011-02-01T00:00:00","date_gmt":"2011-02-01T02:00:00","guid":{"rendered":"https:\/\/www.cnbb.org.br\/mensagem-do-papa-aos-participantes-do-2o-congresso-continental-de-vocacoes-da-america-latina\/"},"modified":"2011-02-01T00:00:00","modified_gmt":"2011-02-01T02:00:00","slug":"mensagem-do-papa-aos-participantes-do-2o-congresso-continental-de-vocacoes-da-america-latina","status":"publish","type":"post","link":"https:\/\/www.cnbb.org.br\/mensagem-do-papa-aos-participantes-do-2o-congresso-continental-de-vocacoes-da-america-latina\/","title":{"rendered":"Mensagem do papa aos participantes do 2\u00ba Congresso Continental de Voca\u00e7\u00f5es da Am\u00e9rica Latina"},"content":{"rendered":"<p style=\"text-align: justify\">O papa Bento XVI enviou uma mensagem aos participantes do 2\u00ba Congresso Continental de Voca\u00e7\u00f5es da Am\u00e9rica Latina, que acontece na cidade costarriquenha de Cartago, de 31 de janeiro a 5 de fevereiro.<\/p>\n<p><!--more--><\/p>\n<p style=\"text-align: justify\">Destacando o tema do encontro &#8220;Mestre, pela tua palavra lan\u00e7arei as redes&#8221;, o papa diz que os agentes da Pastoral Vocacional da Igreja na Am\u00e9rica Latina e Caribe s\u00e3o chamados a fortalecer a pastoral vocacional, &#8220;a fim de que os batizados se tornem disc\u00edpulos e mission\u00e1rios de Cristo nas circunst\u00e2ncias atuais dessas amadas terras&#8221;.<\/p>\n<p style=\"text-align: justify\">Bento XVI ressalta tamb\u00e9m que tal Congresso pretende seguir o impulso mission\u00e1rio promovido na 5\u00aa Confer\u00eancia Geral do Episcopado da Am\u00e9rica Latina e do Caribe, realizada em Aparecida (SP).<\/p>\n<p style=\"text-align: justify\">&#8220;O testemunho pessoal e comunit\u00e1rio de uma vida de amizade e intimidade com Cristo, e de total entrega a Deus, ocupa um lugar privilegiado no trabalho de promo\u00e7\u00e3o vocacional. O testemunho fiel da pr\u00f3pria voca\u00e7\u00e3o \u00e9 um meio privilegiado para despertar em muitos jovens o desejo de seguir os passos de Cristo&#8221;, sublinhou o papa na mensagem.<\/p>\n<p style=\"text-align: justify\">O papa destaca tamb\u00e9m a sensibilidade dos jovens ao chamado de Cristo. &#8220;Hoje, como sempre, os jovens s\u00e3o sens\u00edveis ao chamado de Cristo que os convida a segui-lo. O mundo precisa de Deus e por isso precisar\u00e1 sempre de pessoas que vivam para Ele e O anunciem aos demais&#8221;.<\/p>\n<p style=\"text-align: justify\">No final da mensagem, o papa invoca a intercess\u00e3o da Virgem Maria os participantes do Congresso, afirmando que \u201cela [a Virgem] \u00e9 o verdadeiro modelo de resposta generosa \u00e0 iniciativa de Deus\u201d.<\/p>\n<p style=\"text-align: justify\"><a href=\"http:\/\/press.catholica.va\/news_services\/bulletin\/news\/26782.php?index=26782&amp;po_date=01.02.2011&amp;lang=po\" target=\"_blank\" rel=\"noopener\">Leia a \u00edntegra do texto original do papa, em espanhol, clicando aqui.<\/a><\/p>\n","protected":false},"excerpt":{"rendered":"<p>O papa Bento XVI enviou uma mensagem aos participantes do 2\u00ba Congresso Continental de Voca\u00e7\u00f5es da Am\u00e9rica Latina, que acontece na cidade costarriquenha de Cartago, de 31 de janeiro a 5 de fevereiro.<\/p>\n","protected":false},"author":83,"featured_media":10513,"comment_status":"open","ping_status":"open","sticky":false,"template":"","format":"standard","meta":{"site-sidebar-layout":"default","site-content-layout":"default","ast-global-header-display":"","ast-banner-title-visibility":"","ast-main-header-display":"","ast-hfb-above-header-display":"","ast-hfb-below-header-display":"","ast-hfb-mobile-header-display":"","site-post-title":"","ast-breadcrumbs-content":"","ast-featured-img":"","footer-sml-layout":"","theme-transparent-header-meta":"","adv-header-id-meta":"","stick-header-meta":"","header-above-stick-meta":"","header-main-stick-meta":"","header-below-stick-meta":""},"categories":[804],"tags":[],"acf":[],"_links":{"self":[{"href":"https:\/\/www.cnbb.org.br\/cnbb-app\/wp\/v2\/posts\/10512"}],"collection":[{"href":"https:\/\/www.cnbb.org.br\/cnbb-app\/wp\/v2\/posts"}],"about":[{"href":"https:\/\/www.cnbb.org.br\/cnbb-app\/wp\/v2\/types\/post"}],"author":[{"embeddable":true,"href":"https:\/\/www.cnbb.org.br\/cnbb-app\/wp\/v2\/users\/83"}],"replies":[{"embeddable":true,"href":"https:\/\/www.cnbb.org.br\/cnbb-app\/wp\/v2\/comments?post=10512"}],"version-history":[{"count":0,"href":"https:\/\/www.cnbb.org.br\/cnbb-app\/wp\/v2\/posts\/10512\/revisions"}],"wp:featuredmedia":[{"embeddable":true,"href":"https:\/\/www.cnbb.org.br\/cnbb-app\/wp\/v2\/media\/10513"}],"wp:attachment":[{"href":"https:\/\/www.cnbb.org.br\/cnbb-app\/wp\/v2\/media?parent=10512"}],"wp:term":[{"taxonomy":"category","embeddable":true,"href":"https:\/\/www.cnbb.org.br\/cnbb-app\/wp\/v2\/categories?post=10512"},{"taxonomy":"post_tag","embeddable":true,"href":"https:\/\/www.cnbb.org.br\/cnbb-app\/wp\/v2\/tags?post=10512"}],"curies":[{"name":"wp","href":"https:\/\/api.w.org\/{rel}","templated":true}]}}