{"id":10530,"date":"2011-11-11T00:00:00","date_gmt":"2011-11-11T02:00:00","guid":{"rendered":"https:\/\/www.cnbb.org.br\/cardeal-marc-ouellet-coordena-jornada-de-estudos-da-comissao-para-america-latina\/"},"modified":"2011-11-11T00:00:00","modified_gmt":"2011-11-11T02:00:00","slug":"cardeal-marc-ouellet-coordena-jornada-de-estudos-da-comissao-para-america-latina","status":"publish","type":"post","link":"https:\/\/www.cnbb.org.br\/cardeal-marc-ouellet-coordena-jornada-de-estudos-da-comissao-para-america-latina\/","title":{"rendered":"Cardeal Marc Ouellet coordena jornada de estudos da Comiss\u00e3o para America Latina"},"content":{"rendered":"<p style=\"text-align: justify\">A Pontif\u00edcia Comiss\u00e3o para a Am\u00e9rica Latina (CAL) organiza nesta sexta-feira ,11 de novembro, uma jornada de estudo sobre a Nova Evangeliza\u00e7\u00e3o, em sua sede no Vaticano. Um comunicado enviado ontem ao grupo ACI pelo Secret\u00e1rio da CAL, o professor uruguaio Guzm\u00e1n Carriquiry, assinala que entre os convidados a este encontro estar\u00e3o alguns conselheiros da CAL residentes em Roma; o Secret\u00e1rio Geral do CELAM, Dom Santiago Silva; alguns prelados e funcion\u00e1rios latino-americanos que trabalham nos diferentes dicasterios vaticanos.<\/p>\n<p><!--more--><\/p>\n<p style=\"text-align: justify\">Al\u00e9m disso, ter\u00e1 convidados latino-americanos de institui\u00e7\u00f5es cat\u00f3licas, universidades Pontif\u00edcias, institutos de vida consagrada, movimentos eclesi\u00e1sticos e novas comunidades que residem em Roma. O Prefeito da Congrega\u00e7\u00e3o para os Bispos e presidente da CAL, Cardeal Marc Ouellet, inaugurar\u00e1 a jornada. Logo o Presidente do Pontif\u00edcio Conselho para a Nova Evangeliza\u00e7\u00e3o, Dom Rino Fisichella, expor sobre &#8220;A Nova Evangeliza\u00e7\u00e3o \u00e0 luz do Magist\u00e9rio Pontif\u00edcio&#8221;, com especial refer\u00eancia \u00e0 Am\u00e9rica Latina. Guzm\u00e1n Carriquiry falar\u00e1 sobre &#8220;A Nova Evangeliza\u00e7\u00e3o nas circunst\u00e2ncias atuais da Am\u00e9rica Latina: hoje desafios e prioridades&#8221;. Tamb\u00e9m dom Santiago Silva, Secret\u00e1rio Geral do CELAM, vai falar sobre &#8220;A Miss\u00e3o Continental como realiza\u00e7\u00e3o da Nova Evangeliza\u00e7\u00e3o: Aporte e propostas para a pr\u00f3xima Assembl\u00e9ia Sinodal&#8221;. Para finalizar, o Cardeal Ouellet apresentar\u00e1 as conclus\u00f5es dos participantes e as contribui\u00e7\u00f5es dos membros e conselheiros da CAL.<\/p>\n","protected":false},"excerpt":{"rendered":"<p>A Pontif\u00edcia Comiss\u00e3o para a Am\u00e9rica Latina (CAL) organiza nesta sexta-feira ,11 de novembro, uma jornada de estudo sobre a Nova Evangeliza\u00e7\u00e3o, em sua sede no Vaticano. Um comunicado enviado ontem ao grupo ACI pelo Secret\u00e1rio da CAL, o professor uruguaio Guzm\u00e1n Carriquiry, assinala que entre os convidados a este encontro estar\u00e3o alguns conselheiros da &hellip;<\/p>\n<p class=\"read-more\"> <a class=\"\" href=\"https:\/\/www.cnbb.org.br\/cardeal-marc-ouellet-coordena-jornada-de-estudos-da-comissao-para-america-latina\/\"> <span class=\"screen-reader-text\">Cardeal Marc Ouellet coordena jornada de estudos da Comiss\u00e3o para America Latina<\/span> Leia mais &raquo;<\/a><\/p>\n","protected":false},"author":83,"featured_media":10531,"comment_status":"open","ping_status":"open","sticky":false,"template":"","format":"standard","meta":{"site-sidebar-layout":"default","site-content-layout":"default","ast-global-header-display":"","ast-banner-title-visibility":"","ast-main-header-display":"","ast-hfb-above-header-display":"","ast-hfb-below-header-display":"","ast-hfb-mobile-header-display":"","site-post-title":"","ast-breadcrumbs-content":"","ast-featured-img":"","footer-sml-layout":"","theme-transparent-header-meta":"","adv-header-id-meta":"","stick-header-meta":"","header-above-stick-meta":"","header-main-stick-meta":"","header-below-stick-meta":""},"categories":[804],"tags":[],"acf":[],"_links":{"self":[{"href":"https:\/\/www.cnbb.org.br\/cnbb-app\/wp\/v2\/posts\/10530"}],"collection":[{"href":"https:\/\/www.cnbb.org.br\/cnbb-app\/wp\/v2\/posts"}],"about":[{"href":"https:\/\/www.cnbb.org.br\/cnbb-app\/wp\/v2\/types\/post"}],"author":[{"embeddable":true,"href":"https:\/\/www.cnbb.org.br\/cnbb-app\/wp\/v2\/users\/83"}],"replies":[{"embeddable":true,"href":"https:\/\/www.cnbb.org.br\/cnbb-app\/wp\/v2\/comments?post=10530"}],"version-history":[{"count":0,"href":"https:\/\/www.cnbb.org.br\/cnbb-app\/wp\/v2\/posts\/10530\/revisions"}],"wp:featuredmedia":[{"embeddable":true,"href":"https:\/\/www.cnbb.org.br\/cnbb-app\/wp\/v2\/media\/10531"}],"wp:attachment":[{"href":"https:\/\/www.cnbb.org.br\/cnbb-app\/wp\/v2\/media?parent=10530"}],"wp:term":[{"taxonomy":"category","embeddable":true,"href":"https:\/\/www.cnbb.org.br\/cnbb-app\/wp\/v2\/categories?post=10530"},{"taxonomy":"post_tag","embeddable":true,"href":"https:\/\/www.cnbb.org.br\/cnbb-app\/wp\/v2\/tags?post=10530"}],"curies":[{"name":"wp","href":"https:\/\/api.w.org\/{rel}","templated":true}]}}