{"id":10532,"date":"2011-11-23T00:00:00","date_gmt":"2011-11-23T02:00:00","guid":{"rendered":"https:\/\/www.cnbb.org.br\/celam-lanca-livro-sobre-identidade-e-missao-da-escola-catolica\/"},"modified":"2011-11-23T00:00:00","modified_gmt":"2011-11-23T02:00:00","slug":"celam-lanca-livro-sobre-identidade-e-missao-da-escola-catolica","status":"publish","type":"post","link":"https:\/\/www.cnbb.org.br\/celam-lanca-livro-sobre-identidade-e-missao-da-escola-catolica\/","title":{"rendered":"CELAM lan\u00e7a livro sobre identidade e miss\u00e3o da escola cat\u00f3lica"},"content":{"rendered":"<p style=\"text-align: justify\">O Conselho Episcopal Latino-americano (CELAM) publicou um livro sobre a identidade e a miss\u00e3o da escola cat\u00f3lica. O texto pretende ser um valioso instrumento para todas as escolas e educadores cat\u00f3licos a fim de que possam responder aos desafios do tempo presente.<\/p>\n<p>  <!--more-->  <\/p>\n<p style=\"text-align: justify\">O t\u00edtulo do livro \u00e9 &#8220;Ide e ensinai\u2026 A identidade e miss\u00e3o da escola cat\u00f3lica diante dos desafios atuais \u00e0 luz do Documento de Aparecida&#8221;, publicado pelo Departamento de Cultura e Educa\u00e7\u00e3o do CELAM e coordenado pelo Secret\u00e1rio Geral da Confer\u00eancia Episcopal colombiana, dom Juan Vicente C\u00f3rdoba Villota, bispo auxiliar de Bucaramanga.<\/p>\n<p style=\"text-align: justify\">\u201cO livro tem o objetivo de promover nos centros educacionais cat\u00f3licos aut\u00eanticos disc\u00edpulos mission\u00e1rios para refor\u00e7ar e manter a identidade e a miss\u00e3o da escola cat\u00f3lica\u201d, disse dom Juan C\u00f3rdoba.<\/p>\n<p style=\"text-align: justify\">&#8220;Esperamos que esse documento seja \u00fatil aos educadores e todos aqueles que trabalham nas institui\u00e7\u00f5es cat\u00f3licas. Desejamos que os educadores, em seus diferentes \u00e2mbitos de a\u00e7\u00e3o, pais, professores e diretores, sigam as orienta\u00e7\u00f5es pastorais a fim de que na comunidade educacional, na escola e nas fam\u00edlias se viva uma vida em plena comunh\u00e3o com Jesus&#8221;, sublinhou o Secret\u00e1rio Geral do CELAM, dom Santiago Jaime Silva Retamales, bispo auxiliar de Valpara\u00edso.<\/p>\n","protected":false},"excerpt":{"rendered":"<p>O Conselho Episcopal Latino-americano (CELAM) publicou um livro sobre a identidade e a miss\u00e3o da escola cat\u00f3lica. O texto pretende ser um valioso instrumento para todas as escolas e educadores cat\u00f3licos a fim de que possam responder aos desafios do tempo presente.<\/p>\n","protected":false},"author":83,"featured_media":10533,"comment_status":"open","ping_status":"open","sticky":false,"template":"","format":"standard","meta":{"site-sidebar-layout":"default","site-content-layout":"default","ast-global-header-display":"","ast-banner-title-visibility":"","ast-main-header-display":"","ast-hfb-above-header-display":"","ast-hfb-below-header-display":"","ast-hfb-mobile-header-display":"","site-post-title":"","ast-breadcrumbs-content":"","ast-featured-img":"","footer-sml-layout":"","theme-transparent-header-meta":"","adv-header-id-meta":"","stick-header-meta":"","header-above-stick-meta":"","header-main-stick-meta":"","header-below-stick-meta":""},"categories":[804],"tags":[],"acf":[],"_links":{"self":[{"href":"https:\/\/www.cnbb.org.br\/cnbb-app\/wp\/v2\/posts\/10532"}],"collection":[{"href":"https:\/\/www.cnbb.org.br\/cnbb-app\/wp\/v2\/posts"}],"about":[{"href":"https:\/\/www.cnbb.org.br\/cnbb-app\/wp\/v2\/types\/post"}],"author":[{"embeddable":true,"href":"https:\/\/www.cnbb.org.br\/cnbb-app\/wp\/v2\/users\/83"}],"replies":[{"embeddable":true,"href":"https:\/\/www.cnbb.org.br\/cnbb-app\/wp\/v2\/comments?post=10532"}],"version-history":[{"count":0,"href":"https:\/\/www.cnbb.org.br\/cnbb-app\/wp\/v2\/posts\/10532\/revisions"}],"wp:featuredmedia":[{"embeddable":true,"href":"https:\/\/www.cnbb.org.br\/cnbb-app\/wp\/v2\/media\/10533"}],"wp:attachment":[{"href":"https:\/\/www.cnbb.org.br\/cnbb-app\/wp\/v2\/media?parent=10532"}],"wp:term":[{"taxonomy":"category","embeddable":true,"href":"https:\/\/www.cnbb.org.br\/cnbb-app\/wp\/v2\/categories?post=10532"},{"taxonomy":"post_tag","embeddable":true,"href":"https:\/\/www.cnbb.org.br\/cnbb-app\/wp\/v2\/tags?post=10532"}],"curies":[{"name":"wp","href":"https:\/\/api.w.org\/{rel}","templated":true}]}}