{"id":10534,"date":"2011-11-23T00:00:00","date_gmt":"2011-11-23T02:00:00","guid":{"rendered":"https:\/\/www.cnbb.org.br\/cal-lanca-livro-sobre-religiosidade-popular-na-america-latina\/"},"modified":"2011-11-23T00:00:00","modified_gmt":"2011-11-23T02:00:00","slug":"cal-lanca-livro-sobre-religiosidade-popular-na-america-latina","status":"publish","type":"post","link":"https:\/\/www.cnbb.org.br\/cal-lanca-livro-sobre-religiosidade-popular-na-america-latina\/","title":{"rendered":"CAL lan\u00e7a livro sobre religiosidade popular na Am\u00e9rica Latina"},"content":{"rendered":"<p style=\"text-align: justify\">\u201cA Religiosidade Popular no processo de Evangeliza\u00e7\u00e3o da Am\u00e9rica Latina\u201d. Este \u00e9 o t\u00edtulo do livro da Pontif\u00edcia Comiss\u00e3o para a Am\u00e9rica Latina, publicado pela Livraria Editora Vaticana. O texto revaloriza esta manifesta\u00e7\u00e3o da f\u00e9 e sua contribui\u00e7\u00e3o na transmiss\u00e3o do Evangelho. Em um comunicado destaca-se que o Presidente do dicast\u00e9rio, cardeal Marc Ouellet, assinalou em uma carta dirigida aos bispos do continente, que \u201cj\u00e1 ficaram para tr\u00e1s aquelas considera\u00e7\u00f5es sociol\u00f3gicas, teol\u00f3gicas e ideol\u00f3gicas, marcadas por fortes correntes secularizadoras, que, na fase do imediato p\u00f3s-concilio, criticaram e desvalorizaram as express\u00f5es da piedade popular\u201d.<\/p>\n<p><!--more--><\/p>\n<p style=\"text-align: justify\">\u201cO Beato Jo\u00e3o Paulo II soube apreciar e animar muito positivamente essa religiosidade popular latino-americana, sobretudo com suas peregrina\u00e7\u00f5es aos santu\u00e1rios marianos de todos os pa\u00edses latino-americanos, verdadeiras capitais espirituais das na\u00e7\u00f5es\u201d, recordou.<\/p>\n<p style=\"text-align: justify\">O livro cont\u00e9m as Atas da Reuni\u00e3o Plen\u00e1ria desta Comiss\u00e3o, realizada no Vaticano em abril deste ano; assim como o breve discurso dirigido pelo papa Bento XVI, os comunicados e exposi\u00e7\u00f5es dos membros e conselheiros da Pontif\u00edcia Comiss\u00e3o, as recomenda\u00e7\u00f5es pastorais, entre outros documentos.<\/p>\n","protected":false},"excerpt":{"rendered":"<p>\u201cA Religiosidade Popular no processo de Evangeliza\u00e7\u00e3o da Am\u00e9rica Latina\u201d. Este \u00e9 o t\u00edtulo do livro da Pontif\u00edcia Comiss\u00e3o para a Am\u00e9rica Latina, publicado pela Livraria Editora Vaticana. O texto revaloriza esta manifesta\u00e7\u00e3o da f\u00e9 e sua contribui\u00e7\u00e3o na transmiss\u00e3o do Evangelho. Em um comunicado destaca-se que o Presidente do dicast\u00e9rio, cardeal Marc Ouellet, assinalou &hellip;<\/p>\n<p class=\"read-more\"> <a class=\"\" href=\"https:\/\/www.cnbb.org.br\/cal-lanca-livro-sobre-religiosidade-popular-na-america-latina\/\"> <span class=\"screen-reader-text\">CAL lan\u00e7a livro sobre religiosidade popular na Am\u00e9rica Latina<\/span> Leia mais &raquo;<\/a><\/p>\n","protected":false},"author":83,"featured_media":0,"comment_status":"open","ping_status":"open","sticky":false,"template":"","format":"standard","meta":{"site-sidebar-layout":"default","site-content-layout":"default","ast-global-header-display":"","ast-banner-title-visibility":"","ast-main-header-display":"","ast-hfb-above-header-display":"","ast-hfb-below-header-display":"","ast-hfb-mobile-header-display":"","site-post-title":"","ast-breadcrumbs-content":"","ast-featured-img":"","footer-sml-layout":"","theme-transparent-header-meta":"","adv-header-id-meta":"","stick-header-meta":"","header-above-stick-meta":"","header-main-stick-meta":"","header-below-stick-meta":""},"categories":[804],"tags":[],"acf":[],"_links":{"self":[{"href":"https:\/\/www.cnbb.org.br\/cnbb-app\/wp\/v2\/posts\/10534"}],"collection":[{"href":"https:\/\/www.cnbb.org.br\/cnbb-app\/wp\/v2\/posts"}],"about":[{"href":"https:\/\/www.cnbb.org.br\/cnbb-app\/wp\/v2\/types\/post"}],"author":[{"embeddable":true,"href":"https:\/\/www.cnbb.org.br\/cnbb-app\/wp\/v2\/users\/83"}],"replies":[{"embeddable":true,"href":"https:\/\/www.cnbb.org.br\/cnbb-app\/wp\/v2\/comments?post=10534"}],"version-history":[{"count":0,"href":"https:\/\/www.cnbb.org.br\/cnbb-app\/wp\/v2\/posts\/10534\/revisions"}],"wp:attachment":[{"href":"https:\/\/www.cnbb.org.br\/cnbb-app\/wp\/v2\/media?parent=10534"}],"wp:term":[{"taxonomy":"category","embeddable":true,"href":"https:\/\/www.cnbb.org.br\/cnbb-app\/wp\/v2\/categories?post=10534"},{"taxonomy":"post_tag","embeddable":true,"href":"https:\/\/www.cnbb.org.br\/cnbb-app\/wp\/v2\/tags?post=10534"}],"curies":[{"name":"wp","href":"https:\/\/api.w.org\/{rel}","templated":true}]}}