{"id":10545,"date":"2012-07-03T00:00:00","date_gmt":"2012-07-03T03:00:00","guid":{"rendered":"https:\/\/www.cnbb.org.br\/comunidades-eclesiais-de-base-da-america-latina-e-do-caribe\/"},"modified":"2012-07-03T00:00:00","modified_gmt":"2012-07-03T03:00:00","slug":"comunidades-eclesiais-de-base-da-america-latina-e-do-caribe","status":"publish","type":"post","link":"https:\/\/www.cnbb.org.br\/comunidades-eclesiais-de-base-da-america-latina-e-do-caribe\/","title":{"rendered":"Comunidades Eclesiais de Base da Am\u00e9rica Latina e do Caribe"},"content":{"rendered":"<div style=\"text-align: justify\">No embalo das Comunidades Eclesiais de Base (CEBS) da Am\u00e9rica Latina e do Caribe, n\u00f3s, representantes das CEBS do Brasil, acompanhados pela imagem de Nossa Senhora Aparecida e impulsionados pela mensagem de Pedro Casaldaliga, partimos para Honduras para participar do IX Encontro Latino Americano e Caribenho das CEBS. Fomos acolhidos\/as pelas comunidades eclesiais de base de Honduras, com muito carinho, na casa Monte Horeb, por sinal, um lugar lind\u00edssimo, situado no meio das montanhas, com jardins bel\u00edssimos.<\/div>\n<div style=\"text-align: justify\"><\/div>\n<p>  <!--more-->  <\/p>\n<div style=\"text-align: justify\">Estiveram presentes participantes dos seguintes pa\u00edses: Argentina, Bol\u00edvia, Brasil, Chile, Col\u00f4mbia, Equador, El Salvador, Estados Unidos, Guatemala, Haiti, Honduras, M\u00e9xico, Nicar\u00e1gua, Panam\u00e1, Paraguai, Rep\u00fablica Dominicana, Uruguai, Venezuela, Alemanha. Foram convidados, Estela Padilla, de Filipinas; bispos presentes: Dom Giovane Pereira de Melo, da Diocese de Tocantin\u00f3polis, bispo referencial para o setor CEB&#8217;s da CNBB; Monsenhor \u00c1ngel Garachana P\u00e9rez, bispo de San Pedro de Sula.<\/div>\n<div style=\"text-align: justify\">O objetivo geral do encontro foi compartilhar e avaliar, projetar e celebrar a caminhada das CEB&#8217;s no continente e, assim, continuar semeando a semente e os frutos da nova sociedade e da Igreja em vista do Reino de Deus. Tema: Relan\u00e7amento das Comunidades Eclesiais de Base; Lema: As Comunidades Eclesiais de Base a Servi\u00e7o de Justi\u00e7a e da Vida.<\/div>\n<div style=\"text-align: justify\"><img decoding=\"async\" loading=\"lazy\" class=\" alignright size-full wp-image-15298\" style=\"float: right\" alt=\"CEBSHonduras1\" src=\"https:\/\/www.cnbb.org.br\/wp-content\/uploads\/2020\/03\/CEBSHonduras1.jpg\" width=\"300\" height=\"266\" \/>Os primeiros dias, apesar da indigna\u00e7\u00e3o pelos incidentes que sofreram nossos amigos do Haiti, que impossibilitou sua participa\u00e7\u00e3o no encontro, pois lhes foi negado o visto de entrada em Honduras, foram de muita partilha sobre as experi\u00eancias vividas no dia a dia das comunidades, considerando as seguintes provoca\u00e7\u00f5es: qual \u00e9 a minha hist\u00f3ria na CEBs, onde e como come\u00e7amos essa caminhada, o que nos move at\u00e9 hoje. Muitos de n\u00f3s viemos dos grupos reflex\u00e3o, dos c\u00edrculos b\u00edblicos, da luta pela terra e pela \u00e1gua, moradia e outros. Ouvimos hist\u00f3rias e testemunhos bel\u00edssimos de pessoas que nem sabiam o que \u00e9 uma comunidade e, hoje, s\u00e3o disc\u00edpulas\/os de Jesus Cristo em seus pa\u00edses.<\/div>\n<div style=\"text-align: justify\">V\u00e1rios presb\u00edteros e leigos\/as deram testemunho da sua voca\u00e7\u00e3o nascida no seio das CEBs. Entre eles, o bispo referencial das CEBs e do laicato brasileiro, Dom Geovane Pereira de Melo, os padres Josivan Arruda Calixto e Benedito Ferraro. S\u00e3o hist\u00f3rias e compromissos ricos para a vida Igreja e, principalmente, para n\u00f3s, leigos e leigas. S\u00e3o voca\u00e7\u00f5es nascidas nas comunidades, ou seja, vieram do meio do povo e continuam, hoje, presentes no meio do povo.<\/div>\n<div style=\"text-align: justify\">Quando a delega\u00e7\u00e3o brasileira fez sua apresenta\u00e7\u00e3o, juntamente com Dom Geovane, os participantes gritavam \u201cqueremos os bispos no meio do povo\u201d. Isso, para n\u00f3s, foi um clamor do povo interpelando os nossos pastores para que estejam mais presentes na vida do povo sofrido e esquecido. Nesse sentido, a presen\u00e7a de Dom Geovane foi muito positiva. Ele acompanhou e participou conosco em todos os momentos do encontro, assim, fez Ferraro. Isso marcou o encontro. Algumas pessoas diziam para n\u00f3s: \u201caquela \u00e9 a verdadeira Igreja de Jesus de Nazar\u00e9\u201d. Essas presen\u00e7as, a da juventude e das mulheres, foram avaliados positivamente pela equipe continental das CEBs.<\/div>\n<div style=\"text-align: justify\">Outro momento importante do encontro foi a an\u00e1lise de conjuntura. A partir dela partimos para as discuss\u00f5es sobre a ecologia, a luta pela terra, a situa\u00e7\u00e3o dos povos ind\u00edgenas, quilombolas, ribeirinhos, mulheres, educa\u00e7\u00e3o, a import\u00e2ncia da nossa presen\u00e7a nos movimentos sociais e na pastoral social.<\/div>\n<div style=\"text-align: justify\">Interpelados por esses temas, continuamos refletindo sobre as nossas fraquezas, debilidades e desafios. Foram momentos muito ricos nos quais percebemos que estamos mais vivos que nunca, somos resistentes e n\u00e3o deixamos a chama das CEBs se apagar, ou seja, a C\u00e9lula das CEBs permanece viva, e sem perder aquilo que \u00e9 mais sagrado na caminhada das comunidades Eclesiais de Base, a viv\u00eancia e a pr\u00e1tica do evangelho de Jesus Cristo no meio dos pobres e exclu\u00eddos\/as.<\/div>\n<div style=\"text-align: justify\"><img decoding=\"async\" loading=\"lazy\" class=\" alignleft size-full wp-image-15139\" style=\"float: left\" alt=\"Cebslatinamerica2012\" src=\"https:\/\/www.cnbb.org.br\/wp-content\/uploads\/2020\/03\/Cebslatinamerica2012.jpg\" width=\"336\" height=\"448\" \/>Os bispos afirmaram isso no Documento 25 da CNBB: \u201cAs CEBS s\u00e3o express\u00e3o do amor preferencial da Igreja pelo povo simples\u201d. Sabemos tamb\u00e9m que estamos vivenciando um tempo de muitas mudan\u00e7as sociais e eclesiais, que dificultam as nossas a\u00e7\u00f5es e a nossa identidade. Todavia, neste encontro reafirmamos a nossa identidade. E, diante desses desafios, conclamamos a todos com as mesmas palavras de Dom Pedro Casaldaliga pronunciadas na mensagem de abertura do IX Encontro Latino Americano: \u201cO Esp\u00edrito nos anima a transformar a hora escura da crise em hora luminosa de Kair\u00f3s. Ser di\u00e1logo, diaconia, evangeliza\u00e7\u00e3o integral, milit\u00e2ncia e contempla\u00e7\u00e3o; a partir do dia a dia da fam\u00edlia e do trabalho, da eclesialidade ministerial e da organiza\u00e7\u00e3o popular, da pastoral e da pol\u00edtica. Tr\u00eas atitudes maiores nos devem definir nessa hora: Indigna\u00e7\u00e3o prof\u00e9tica, Compromisso militante, Esperan\u00e7a pascal. Com isso reafirmamos nosso compromisso com a Igreja dos pobres, de todos os povos, e com o meio ambiente.<\/div>\n<div style=\"text-align: justify\">As palavras de Dom Pedro Casald\u00e1liga encheram nosso cora\u00e7\u00e3o de esperan\u00e7a. Podem nos tirar tudo, menos a esperan\u00e7a. Devemos fazer quest\u00e3o de vivermos, todos, agitando, se comprometendo. Cada um de n\u00f3s \u00e9 uma c\u00e9lula-m\u00e3e, espalhando vida, provocando a vida. A Igreja da liberta\u00e7\u00e3o est\u00e1 viva, ressuscitada, porque \u00e9 a Igreja de Jesus. A teologia da liberta\u00e7\u00e3o, a espiritualidade da liberta\u00e7\u00e3o, a liturgia da liberta\u00e7\u00e3o, a vida eclesial da liberta\u00e7\u00e3o est\u00e1 profundamente arraigada no mist\u00e9rio pascal, que \u00e9 o mist\u00e9rio da vida de Jesus, o mist\u00e9rio das nossas pr\u00f3prias vidas.<\/div>\n<div style=\"text-align: justify\">Tivemos tamb\u00e9m um dia de miss\u00e3o. Fomos visitar e conhecer as comunidades de Honduras. Foi uma riqueza imensa conhecer as comunidades. A realidade n\u00e3o \u00e9 muito diferente da nossa. S\u00e3o muitas comunidades distantes uma das outras, e poucos presb\u00edteros. O que chama a aten\u00e7\u00e3o \u00e9 que as comunidades s\u00e3o bem organizadas e articuladas pela diocese e suas par\u00f3quias. As lideran\u00e7as, as mulheres predominam, s\u00e3o pessoas simples. Uma experi\u00eancia boa foi vivida em uma par\u00f3quia, onde o p\u00e1roco tinha convidado as lideran\u00e7as de todas as comunidades para dar seu testemunho de vida comunit\u00e1ria; ou seja, n\u00e3o foi o presb\u00edtero quem falou da vida da comunidade, mas sim o animador da comunidade que est\u00e1 no dia a dia da comunidade. Isso, para mim, foi divino perceber a valoriza\u00e7\u00e3o dos animadores das comunidades. Pod\u00edamos ver no rosto desses animadores a alegria de estar falando da sua comunidade e da sua experi\u00eancia de vida comunit\u00e1ria. Quem sabe, n\u00f3s, brasileiros tamb\u00e9m poder\u00edamos nos inspirar nesse exemplo. Pois, muitas vezes dizemos o que vamos fazer para a comunidade e n\u00e3o as pessoas que vivem l\u00e1 falar de sua pr\u00f3pria experi\u00eancia.<\/div>\n<div style=\"text-align: justify\">Nas celebra\u00e7\u00f5es da Palavra e da Eucaristia experimentamos uma espiritualidade diversificada. Apesar das diferentes l\u00ednguas, esses momentos celebrativos nos uniam cada vez mais. Foram momentos muito significativos para todos n\u00f3s. Dizem que o C\u00e9u \u00e9 muito bom! Eu, particularmente, experimentei um pedacinho do c\u00e9u. Fui seduzida mais uma vez pelo nosso Deus.<\/div>\n<div style=\"text-align: justify\">O que deixamos em Honduras: Al\u00e9m da imagem de Nossa Senhora Aparecida e a mensagem de Dom Pedro, nosso canto \u201cPeneirei Fub\u00e1\u201d. N\u00f3s, brasileiros, \u00e9ramos convocados v\u00e1rias vezes para animar o encontro com esse canto e o \u201cTrem das CEBs\u201d. Deixamos tamb\u00e9m a nossa experi\u00eancia, nossa firmeza, a nossa alegria e paix\u00e3o em fazer parte dessa grande fam\u00edlia do Reino, as CEBS, nossa amizade, a solidariedade e um grande carinho pelo povo e pela equipe das CEBs de Honduras.<\/div>\n<div style=\"text-align: justify\">O que trazemos de volta: mais experi\u00eancias, alegria e muita esperan\u00e7a; a import\u00e2ncia da nossa articula\u00e7\u00e3o com os movimentos sociais e com a pastoral social. O sentido de perten\u00e7a \u00e0 P\u00e1tria Grande. Uma imensa gratid\u00e3o \u00e0 equipe das CEBs de Honduras. O compromisso com a ecologia, a articula\u00e7\u00e3o entre o Bem Viver e o Bem Conviver, a solidariedade com os migrantes, o desejo de fortalecer as CEBs e acolher os jovens.<\/div>\n<div style=\"text-align: justify\">Termino com as frases do saudoso Dom Luciano Mendes: \u201cO encontro das CEBs \u00e9 um verdadeiro pentecostes. \u00c9 a festa da Reden\u00e7\u00e3o, o povo pobre e organizado, mulheres, homens, jovens e crian\u00e7as, se re\u00fanem para dan\u00e7ar a dan\u00e7a da reden\u00e7\u00e3o\u201d.<\/div>\n<div style=\"text-align: justify\"><strong><br \/><\/strong><\/div>\n<div style=\"text-align: justify\"><strong>Maria da Silva Costa Rossi<br \/><em>Coordenadora das CEBs (Regional Oeste II) <\/em><\/strong><\/div>\n<div style=\"text-align: justify\"><em><strong>Articuladora das CEBs Nacional e Continental<\/strong><\/em><\/div>\n","protected":false},"excerpt":{"rendered":"<p>No embalo das Comunidades Eclesiais de Base (CEBS) da Am\u00e9rica Latina e do Caribe, n\u00f3s, representantes das CEBS do Brasil, acompanhados pela imagem de Nossa Senhora Aparecida e impulsionados pela mensagem de Pedro Casaldaliga, partimos para Honduras para participar do IX Encontro Latino Americano e Caribenho das CEBS. Fomos acolhidos\/as pelas comunidades eclesiais de base &hellip;<\/p>\n<p class=\"read-more\"> <a class=\"\" href=\"https:\/\/www.cnbb.org.br\/comunidades-eclesiais-de-base-da-america-latina-e-do-caribe\/\"> <span class=\"screen-reader-text\">Comunidades Eclesiais de Base da Am\u00e9rica Latina e do Caribe<\/span> Leia mais &raquo;<\/a><\/p>\n","protected":false},"author":83,"featured_media":10546,"comment_status":"open","ping_status":"open","sticky":false,"template":"","format":"standard","meta":{"site-sidebar-layout":"default","site-content-layout":"default","ast-global-header-display":"","ast-banner-title-visibility":"","ast-main-header-display":"","ast-hfb-above-header-display":"","ast-hfb-below-header-display":"","ast-hfb-mobile-header-display":"","site-post-title":"","ast-breadcrumbs-content":"","ast-featured-img":"","footer-sml-layout":"","theme-transparent-header-meta":"","adv-header-id-meta":"","stick-header-meta":"","header-above-stick-meta":"","header-main-stick-meta":"","header-below-stick-meta":""},"categories":[804],"tags":[],"acf":[],"_links":{"self":[{"href":"https:\/\/www.cnbb.org.br\/cnbb-app\/wp\/v2\/posts\/10545"}],"collection":[{"href":"https:\/\/www.cnbb.org.br\/cnbb-app\/wp\/v2\/posts"}],"about":[{"href":"https:\/\/www.cnbb.org.br\/cnbb-app\/wp\/v2\/types\/post"}],"author":[{"embeddable":true,"href":"https:\/\/www.cnbb.org.br\/cnbb-app\/wp\/v2\/users\/83"}],"replies":[{"embeddable":true,"href":"https:\/\/www.cnbb.org.br\/cnbb-app\/wp\/v2\/comments?post=10545"}],"version-history":[{"count":0,"href":"https:\/\/www.cnbb.org.br\/cnbb-app\/wp\/v2\/posts\/10545\/revisions"}],"wp:featuredmedia":[{"embeddable":true,"href":"https:\/\/www.cnbb.org.br\/cnbb-app\/wp\/v2\/media\/10546"}],"wp:attachment":[{"href":"https:\/\/www.cnbb.org.br\/cnbb-app\/wp\/v2\/media?parent=10545"}],"wp:term":[{"taxonomy":"category","embeddable":true,"href":"https:\/\/www.cnbb.org.br\/cnbb-app\/wp\/v2\/categories?post=10545"},{"taxonomy":"post_tag","embeddable":true,"href":"https:\/\/www.cnbb.org.br\/cnbb-app\/wp\/v2\/tags?post=10545"}],"curies":[{"name":"wp","href":"https:\/\/api.w.org\/{rel}","templated":true}]}}