{"id":10591,"date":"2014-06-05T00:00:00","date_gmt":"2014-06-05T03:00:00","guid":{"rendered":"https:\/\/www.cnbb.org.br\/celam-reune-assessores-para-debater-comunicacao-na-america-latina\/"},"modified":"2014-06-05T00:00:00","modified_gmt":"2014-06-05T03:00:00","slug":"celam-reune-assessores-para-debater-comunicacao-na-america-latina","status":"publish","type":"post","link":"https:\/\/www.cnbb.org.br\/celam-reune-assessores-para-debater-comunicacao-na-america-latina\/","title":{"rendered":"Celam re\u00fane assessores para debater comunica\u00e7\u00e3o na Am\u00e9rica Latina"},"content":{"rendered":"<p style=\"text-align: justify\" align=\"center\"><span style=\"line-height: 1.3em\">A avalia\u00e7\u00e3o das linhas de a\u00e7\u00f5es pastorais voltadas \u00e0 comunica\u00e7\u00e3o da Igreja na Am\u00e9rica Latina est\u00e1 na pauta do Semin\u00e1rio para assessores das Comiss\u00f5es Episcopais de Comunica\u00e7\u00e3o, organizado pelo Conselho Episcopal Latino-americano (Celam), em Bogot\u00e1 \u2013 Col\u00f4mbia. O encontro teve in\u00edcio no dia 3 e se encerra nesta quinta-feira, 5.<\/span><\/p>\n<p><!--more--><\/p>\n<p style=\"text-align: justify\" align=\"center\"><span style=\"line-height: 1.3em\">No primeiro dia da reuni\u00e3o, os assessores recordaram a mensagem do papa Francisco aos jornalistas, pronunciada logo ap\u00f3s sua elei\u00e7\u00e3o, em mar\u00e7o de 2013. Naquele momento, Francisco reconheceu o esfor\u00e7o da imprensa na cobertura do conclave e agradeceu aos profissionais de comunica\u00e7\u00e3o destacando que \u201ctrabalharam muito\u201d.<\/span><\/p>\n<p style=\"text-align: justify\"><span style=\"line-height: 1.3em\">De acordo com a assessora de comunica\u00e7\u00e3o do Celam, Suzana Nuin, o encontro possibilita o di\u00e1logo e a troca de experi\u00eancias entre as confer\u00eancias. Para ela, trata-se de \u201cuma grande oportunidade para pensar e refletir sobre as linhas pastorais para a Am\u00e9rica Latina\u201d.<\/span><\/p>\n<p style=\"text-align: justify\"><strong><span style=\"line-height: 1.3em\">Diret\u00f3rio de Comunica\u00e7\u00e3o<\/span><\/strong><\/p>\n<p style=\"text-align: justify\"><span style=\"line-height: 1.3em\">Durante o Semin\u00e1rio os representantes de cada Confer\u00eancia Episcopal da Am\u00e9rica Latina apresenta as linhas pastorais, a partir do contexto social, eclesial e\u00a0 cultural em que est\u00e3o inseridas. \u00a0A Confer\u00eancia Nacional dos Bispos do Brasil (CNBB) participa do encontro, sendo representada pelos assessores da Comiss\u00e3o Episcopal Pastoral para a Comunica\u00e7\u00e3o, Ir. \u00c9lide Fogolari e padre Clovis Andrade de Melo.<\/span><\/p>\n<p style=\"text-align: justify\"><span style=\"line-height: 1.3em\"> Foram apresentadas pelos assessores a plataforma <a href=\"https:\/\/www.episcopo.net\/\" target=\"_blank\" rel=\"noopener noreferrer\">Episcopo.net<\/a> e as linhas de a\u00e7\u00e3o da Pastoral da Comunica\u00e7\u00e3o da Igreja no Brasil, com base no Diret\u00f3rio de Comunica\u00e7\u00e3o da Igreja no Brasil, rec\u00e9m publicado pela CNBB.\u00a0<\/span><\/p>\n","protected":false},"excerpt":{"rendered":"<p>A avalia\u00e7\u00e3o das linhas de a\u00e7\u00f5es pastorais voltadas \u00e0 comunica\u00e7\u00e3o da Igreja na Am\u00e9rica Latina est\u00e1 na pauta do Semin\u00e1rio para assessores das Comiss\u00f5es Episcopais de Comunica\u00e7\u00e3o, organizado pelo Conselho Episcopal Latino-americano (Celam), em Bogot\u00e1 \u2013 Col\u00f4mbia. O encontro teve in\u00edcio no dia 3 e se encerra nesta quinta-feira, 5.<\/p>\n","protected":false},"author":83,"featured_media":10592,"comment_status":"open","ping_status":"open","sticky":false,"template":"","format":"standard","meta":{"site-sidebar-layout":"default","site-content-layout":"default","ast-global-header-display":"","ast-banner-title-visibility":"","ast-main-header-display":"","ast-hfb-above-header-display":"","ast-hfb-below-header-display":"","ast-hfb-mobile-header-display":"","site-post-title":"","ast-breadcrumbs-content":"","ast-featured-img":"","footer-sml-layout":"","theme-transparent-header-meta":"","adv-header-id-meta":"","stick-header-meta":"","header-above-stick-meta":"","header-main-stick-meta":"","header-below-stick-meta":""},"categories":[804],"tags":[],"acf":[],"_links":{"self":[{"href":"https:\/\/www.cnbb.org.br\/cnbb-app\/wp\/v2\/posts\/10591"}],"collection":[{"href":"https:\/\/www.cnbb.org.br\/cnbb-app\/wp\/v2\/posts"}],"about":[{"href":"https:\/\/www.cnbb.org.br\/cnbb-app\/wp\/v2\/types\/post"}],"author":[{"embeddable":true,"href":"https:\/\/www.cnbb.org.br\/cnbb-app\/wp\/v2\/users\/83"}],"replies":[{"embeddable":true,"href":"https:\/\/www.cnbb.org.br\/cnbb-app\/wp\/v2\/comments?post=10591"}],"version-history":[{"count":0,"href":"https:\/\/www.cnbb.org.br\/cnbb-app\/wp\/v2\/posts\/10591\/revisions"}],"wp:featuredmedia":[{"embeddable":true,"href":"https:\/\/www.cnbb.org.br\/cnbb-app\/wp\/v2\/media\/10592"}],"wp:attachment":[{"href":"https:\/\/www.cnbb.org.br\/cnbb-app\/wp\/v2\/media?parent=10591"}],"wp:term":[{"taxonomy":"category","embeddable":true,"href":"https:\/\/www.cnbb.org.br\/cnbb-app\/wp\/v2\/categories?post=10591"},{"taxonomy":"post_tag","embeddable":true,"href":"https:\/\/www.cnbb.org.br\/cnbb-app\/wp\/v2\/tags?post=10591"}],"curies":[{"name":"wp","href":"https:\/\/api.w.org\/{rel}","templated":true}]}}