{"id":10593,"date":"2014-07-04T00:00:00","date_gmt":"2014-07-04T03:00:00","guid":{"rendered":"https:\/\/www.cnbb.org.br\/santuario-de-americana-e-elevado-a-basilica\/"},"modified":"2014-07-04T00:00:00","modified_gmt":"2014-07-04T03:00:00","slug":"santuario-de-americana-e-elevado-a-basilica","status":"publish","type":"post","link":"https:\/\/www.cnbb.org.br\/santuario-de-americana-e-elevado-a-basilica\/","title":{"rendered":"Santu\u00e1rio de Americana \u00e9 elevado \u00e0 bas\u00edlica"},"content":{"rendered":"<p style=\"text-align: justify\">O Santu\u00e1rio Santo Ant\u00f4nio de P\u00e1dua, em Americana (SP), foi elevado pelo Vaticano ao grau de Bas\u00edlica menor, por meio de decreto de cria\u00e7\u00e3o apresentado pelo bispo de Limeira (SP), dom Vilson Dias de Oliveira, no dia 13 de junho. Ontem, 3, foram divulgadas informa\u00e7\u00f5es sobre a instala\u00e7\u00e3o da bas\u00edlica, como a data marcada para o dia 30 de novembro, \u00e0s 10h, e o bras\u00e3o. O arcebispo de Aparecida (SP) e presidente da Confer\u00eancia Nacional dos Bispos do Brasil (CNBB), cardeal Raymundo Damasceno Assis, ser\u00e1 o representante do papa Francisco na ocasi\u00e3o.<\/p>\n<p><!--more--><\/p>\n<p style=\"text-align: justify\"><span style=\"line-height: 1.3em\">A diocese protocolou o pedido de eleva\u00e7\u00e3o na Congrega\u00e7\u00e3o para o Culto Divino e a Disciplina dos Sacramentos,<\/span><span style=\"line-height: 1.3em\">\u00a0em abril deste ano. De acordo com a reitoria, o local passou por reformas, melhorias e restaura\u00e7\u00f5es no \u00faltimo ano para atender os requisitos exigidos para ser considerado uma bas\u00edlica.<\/span><\/p>\n<p style=\"text-align: justify\">Entre as principais orienta\u00e7\u00f5es, j\u00e1 cumpridas pelo Santu\u00e1rio, est\u00e3o o Coral Polif\u00f4nico, uma imagem hist\u00f3rica e uma rel\u00edquia de Santo Ant\u00f4nio. A partir de agora, alguns s\u00edmbolos da Santa S\u00e9 ser\u00e3o acrescentados \u00e0 arquitetura, como a instala\u00e7\u00e3o de bras\u00f5es nas portas e a presen\u00e7a de uma umbrela e um tintinabulo dentro da bas\u00edlica.<\/p>\n<p style=\"text-align: justify\">Grupos ser\u00e3o criados para organizar a missa de instala\u00e7\u00e3o. Ap\u00f3s o evento, cardeais e bispos ser\u00e3o convidados a celebrar missas no templo.<\/p>\n<p style=\"text-align: justify\"><strong>Santu\u00e1rio<\/strong><\/p>\n<p style=\"text-align: justify\">O crescimento da cidade de Americana motivou a constru\u00e7\u00e3o de uma nova igreja. Em 1950, com a idealiza\u00e7\u00e3o do monsenhor Nazareno Maggi, as obras da Matriz de Santo Ant\u00f4nio iniciaram. A conclus\u00e3o aconteceu em 1977.<\/p>\n<p style=\"text-align: justify\">O Santu\u00e1rio de Santo Ant\u00f4nio \u00e9 a maior igreja da diocese de Limeira. \u00c9 considerado o maior templo em estilo neocl\u00e1ssico no Brasil. O pr\u00e9dio mede 22 metros de altura e tem 80 metros de comprimento, com 30 metros de largura. Sua c\u00fapula tem 50 metros de circunfer\u00eancia e seu piso se estende por 42 metros. A igreja tem forma de cruz latina, com cinco naves e transepto com c\u00fapula sobre o cruzeiro. A fachada \u00e9 formada por seis colunas que sustentam a torre.<\/p>\n<p style=\"text-align: justify\">A igreja matriz de Americana tornou-se santu\u00e1rio no dia 13 de junho de 2013.<\/p>\n<p style=\"text-align: justify\"><span style=\"font-size: x-small\">Com informa\u00e7\u00f5es do Santu\u00e1rio de Santo Ant\u00f4nio de P\u00e1dua<\/span><\/p>\n","protected":false},"excerpt":{"rendered":"<p>O Santu\u00e1rio Santo Ant\u00f4nio de P\u00e1dua, em Americana (SP), foi elevado pelo Vaticano ao grau de Bas\u00edlica menor, por meio de decreto de cria\u00e7\u00e3o apresentado pelo bispo de Limeira (SP), dom Vilson Dias de Oliveira, no dia 13 de junho. Ontem, 3, foram divulgadas informa\u00e7\u00f5es sobre a instala\u00e7\u00e3o da bas\u00edlica, como a data marcada para &hellip;<\/p>\n<p class=\"read-more\"> <a class=\"\" href=\"https:\/\/www.cnbb.org.br\/santuario-de-americana-e-elevado-a-basilica\/\"> <span class=\"screen-reader-text\">Santu\u00e1rio de Americana \u00e9 elevado \u00e0 bas\u00edlica<\/span> Leia mais &raquo;<\/a><\/p>\n","protected":false},"author":83,"featured_media":10594,"comment_status":"open","ping_status":"open","sticky":false,"template":"","format":"standard","meta":{"site-sidebar-layout":"default","site-content-layout":"default","ast-global-header-display":"","ast-banner-title-visibility":"","ast-main-header-display":"","ast-hfb-above-header-display":"","ast-hfb-below-header-display":"","ast-hfb-mobile-header-display":"","site-post-title":"","ast-breadcrumbs-content":"","ast-featured-img":"","footer-sml-layout":"","theme-transparent-header-meta":"","adv-header-id-meta":"","stick-header-meta":"","header-above-stick-meta":"","header-main-stick-meta":"","header-below-stick-meta":""},"categories":[804],"tags":[],"acf":[],"_links":{"self":[{"href":"https:\/\/www.cnbb.org.br\/cnbb-app\/wp\/v2\/posts\/10593"}],"collection":[{"href":"https:\/\/www.cnbb.org.br\/cnbb-app\/wp\/v2\/posts"}],"about":[{"href":"https:\/\/www.cnbb.org.br\/cnbb-app\/wp\/v2\/types\/post"}],"author":[{"embeddable":true,"href":"https:\/\/www.cnbb.org.br\/cnbb-app\/wp\/v2\/users\/83"}],"replies":[{"embeddable":true,"href":"https:\/\/www.cnbb.org.br\/cnbb-app\/wp\/v2\/comments?post=10593"}],"version-history":[{"count":0,"href":"https:\/\/www.cnbb.org.br\/cnbb-app\/wp\/v2\/posts\/10593\/revisions"}],"wp:featuredmedia":[{"embeddable":true,"href":"https:\/\/www.cnbb.org.br\/cnbb-app\/wp\/v2\/media\/10594"}],"wp:attachment":[{"href":"https:\/\/www.cnbb.org.br\/cnbb-app\/wp\/v2\/media?parent=10593"}],"wp:term":[{"taxonomy":"category","embeddable":true,"href":"https:\/\/www.cnbb.org.br\/cnbb-app\/wp\/v2\/categories?post=10593"},{"taxonomy":"post_tag","embeddable":true,"href":"https:\/\/www.cnbb.org.br\/cnbb-app\/wp\/v2\/tags?post=10593"}],"curies":[{"name":"wp","href":"https:\/\/api.w.org\/{rel}","templated":true}]}}