{"id":10595,"date":"2014-10-24T00:00:00","date_gmt":"2014-10-24T02:00:00","guid":{"rendered":"https:\/\/www.cnbb.org.br\/ano-da-vida-consagrada-e-preparado-em-encontro\/"},"modified":"2014-10-24T00:00:00","modified_gmt":"2014-10-24T02:00:00","slug":"ano-da-vida-consagrada-e-preparado-em-encontro","status":"publish","type":"post","link":"https:\/\/www.cnbb.org.br\/ano-da-vida-consagrada-e-preparado-em-encontro\/","title":{"rendered":"Bispos e religiosos (as) da Am\u00e9rica Latina preparam Ano da Vida Consagrada"},"content":{"rendered":"<p style=\"text-align: justify\"><span style=\"line-height: 1.3em\">Participantes de 20 pa\u00edses estiveram presentes no VII Encontro do Conselho Episcopal Latino-americano (Celam) e da Vida Consagrada, realizado de 13 a \u00a016 de outubro, em Quito, no Equador. O evento reuniu<\/span><span style=\"line-height: 1.3em\">\u00a0cerca de 30 pessoas, entre bispos, religiosas, \u00a0religiosos e \u00a0sacerdotes, <\/span><span style=\"line-height: 1.3em\">\u00a0com o prop\u00f3sito de assumir o Ano da Vida Consagrada, que ter\u00e1 in\u00edcio em 30 de novembro deste ano, e seguir\u00e1 at\u00e9 02 de fevereiro de 2016. O lema ser\u00e1 \u201cEvangelho, profecia e esperan\u00e7a. Vida Consagrada na Igreja hoje\u201d.<\/span><\/p>\n<p><!--more--><\/p>\n<p style=\"text-align: justify\"><span style=\"line-height: 1.3em\">O encontro tamb\u00e9m teve como objetivo dar continuar ao \u00a0trabalho com as institui\u00e7\u00f5es eclesi\u00e1sticas, para fortalecer o entendimento m\u00fatuo, apresentar orienta\u00e7\u00f5es para o Ano de Vida Consagrada e os processos e iniciativas que promovam a vida plena e comunh\u00e3o mission\u00e1ria em nosso continente.<\/span><\/p>\n<p style=\"text-align: justify\">Das 22 Confer\u00eancias Latino-Americanas de religiosos, 15 estiveram presentes, al\u00e9m da presidente da Confedera\u00e7\u00e3o dos Institutos Seculares da Am\u00e9rica Latina (CISAL) e a presidente da Confer\u00eancia Nacional dos Institutos Seculares (CNIS).<\/p>\n<p style=\"text-align: justify\">Entre os assuntos abordados no encontro, esteve a necessidade de m\u00fatua valoriza\u00e7\u00e3o da vida consagrada nas igrejas particulares; a diminui\u00e7\u00e3o vocacional, devido ao envelhecimento dos membros; o crescimento das experi\u00eancias intercongregacionais; sobre o carisma e o laicato; a presen\u00e7a da vida consagrada nas periferias existenciais do povo latino-americano e caribenho; e ainda a caminhada gestando um novo paradigma de uma Igreja em comunh\u00e3o.<\/p>\n<p style=\"text-align: justify\">Bispos, consagradas e representantes dos institutos seculares assumiram compromissos espec\u00edficos. O episcopado firmou o compromisso de testemunho de vida aos pastores, como v\u00ednculo de comunh\u00e3o e di\u00e1logo, al\u00e9m de conhecer a vida consagrada segundo seus carismas. J\u00e1 os consagrados se comprometeram a comunicar a experi\u00eancia de fraternidade e busca conjunta, vivenciadas no encontro, e aprofundar o documento \u201c<em>Mutuae Relations<\/em>\u201d. Os institutos de vida consagrada ficaram de trabalhar em comunh\u00e3o e fortalecer as a\u00e7\u00f5es mission\u00e1rias.<\/p>\n<p style=\"text-align: justify\"><span style=\"font-size: xx-small\"><strong><em>Com foto do Celam<\/em><\/strong><\/span><\/p>\n","protected":false},"excerpt":{"rendered":"<p>Participantes de 20 pa\u00edses estiveram presentes no VII Encontro do Conselho Episcopal Latino-americano (Celam) e da Vida Consagrada, realizado de 13 a \u00a016 de outubro, em Quito, no Equador. O evento reuniu\u00a0cerca de 30 pessoas, entre bispos, religiosas, \u00a0religiosos e \u00a0sacerdotes, \u00a0com o prop\u00f3sito de assumir o Ano da Vida Consagrada, que ter\u00e1 in\u00edcio em &hellip;<\/p>\n<p class=\"read-more\"> <a class=\"\" href=\"https:\/\/www.cnbb.org.br\/ano-da-vida-consagrada-e-preparado-em-encontro\/\"> <span class=\"screen-reader-text\">Bispos e religiosos (as) da Am\u00e9rica Latina preparam Ano da Vida Consagrada<\/span> Leia mais &raquo;<\/a><\/p>\n","protected":false},"author":83,"featured_media":10596,"comment_status":"open","ping_status":"open","sticky":false,"template":"","format":"standard","meta":{"site-sidebar-layout":"default","site-content-layout":"default","ast-global-header-display":"","ast-banner-title-visibility":"","ast-main-header-display":"","ast-hfb-above-header-display":"","ast-hfb-below-header-display":"","ast-hfb-mobile-header-display":"","site-post-title":"","ast-breadcrumbs-content":"","ast-featured-img":"","footer-sml-layout":"","theme-transparent-header-meta":"","adv-header-id-meta":"","stick-header-meta":"","header-above-stick-meta":"","header-main-stick-meta":"","header-below-stick-meta":""},"categories":[804],"tags":[],"acf":[],"_links":{"self":[{"href":"https:\/\/www.cnbb.org.br\/cnbb-app\/wp\/v2\/posts\/10595"}],"collection":[{"href":"https:\/\/www.cnbb.org.br\/cnbb-app\/wp\/v2\/posts"}],"about":[{"href":"https:\/\/www.cnbb.org.br\/cnbb-app\/wp\/v2\/types\/post"}],"author":[{"embeddable":true,"href":"https:\/\/www.cnbb.org.br\/cnbb-app\/wp\/v2\/users\/83"}],"replies":[{"embeddable":true,"href":"https:\/\/www.cnbb.org.br\/cnbb-app\/wp\/v2\/comments?post=10595"}],"version-history":[{"count":0,"href":"https:\/\/www.cnbb.org.br\/cnbb-app\/wp\/v2\/posts\/10595\/revisions"}],"wp:featuredmedia":[{"embeddable":true,"href":"https:\/\/www.cnbb.org.br\/cnbb-app\/wp\/v2\/media\/10596"}],"wp:attachment":[{"href":"https:\/\/www.cnbb.org.br\/cnbb-app\/wp\/v2\/media?parent=10595"}],"wp:term":[{"taxonomy":"category","embeddable":true,"href":"https:\/\/www.cnbb.org.br\/cnbb-app\/wp\/v2\/categories?post=10595"},{"taxonomy":"post_tag","embeddable":true,"href":"https:\/\/www.cnbb.org.br\/cnbb-app\/wp\/v2\/tags?post=10595"}],"curies":[{"name":"wp","href":"https:\/\/api.w.org\/{rel}","templated":true}]}}