{"id":10598,"date":"2014-12-15T00:00:00","date_gmt":"2014-12-15T02:00:00","guid":{"rendered":"https:\/\/www.cnbb.org.br\/america-latina-e-o-continente-da-esperanca-disse-o-papa-francisco\/"},"modified":"2014-12-15T00:00:00","modified_gmt":"2014-12-15T02:00:00","slug":"america-latina-e-o-continente-da-esperanca-disse-o-papa-francisco","status":"publish","type":"post","link":"https:\/\/www.cnbb.org.br\/america-latina-e-o-continente-da-esperanca-disse-o-papa-francisco\/","title":{"rendered":"\u201cAm\u00e9rica Latina \u00e9 o continente da esperan\u00e7a\u201d, disse o papa Francisco"},"content":{"rendered":"<p style=\"text-align: justify\"><span style=\"line-height: 1.3em\">O papa Francisco presidiu, no dia 12 de dezembro, uma celebra\u00e7\u00e3o em honra a Nossa Senhora de Guadalupe, padroeira da Am\u00e9rica Latina. O arcebispo de Aparecida e presidente da Confer\u00eancia Nacional dos Bispos do Brasil (CNBB), cardeal Raymundo Damasceno Assis, concelebrou com o pont\u00edfice na Bas\u00edlica de S\u00e3o Pedro, juntamente com outros bispos e cardeais.<\/span><\/p>\n<p><!--more--><\/p>\n<p style=\"text-align: justify\"><span style=\"line-height: 1.3em\">Em sua homilia, o papa afirmou que a Am\u00e9rica Latina \u00e9 o continente da esperan\u00e7a. \u00a0\u201cPorque para ela esperam-se novos modelos de desenvolvimento que conjuguem tradi\u00e7\u00e3o crist\u00e3 e progresso civil, justi\u00e7a e igualdade com reconcilia\u00e7\u00e3o, desenvolvimento cient\u00edfico e tecnol\u00f3gico com sabedoria humana\u201d, disse Francisco.<\/span><\/p>\n<p style=\"text-align: justify\">Durante entrevista \u00e0 R\u00e1dio Vaticano, dom\u00a0Damasceno expressou agradecimento ao papa pelo convite. \u201cMe honra muito, e tamb\u00e9m a nossa Confer\u00eancia Episcopal do Brasil, esse convite em concelebrar com o papa. Francisco \u00e9 o primeiro papa latino-americano que presidiu de uma maneira mais solene essa celebra\u00e7\u00e3o de Nossa Senhora de Guadalupe\u201d, disse o cardeal.<\/p>\n<p style=\"text-align: justify\"><span style=\"line-height: 1.3em\">Ainda, durante a missa, o papa Francisco confiou a intercess\u00e3o de Nossa Senhora de Guadalupe b\u00ean\u00e7\u00e3os \u201cpara a evangeliza\u00e7\u00e3o de seus povos, para o crescimento em humanidade e para a constru\u00e7\u00e3o de condi\u00e7\u00f5es de paz, justi\u00e7a e unidade entre suas na\u00e7\u00f5es irm\u00e3s\u201d.<\/span><\/p>\n<p style=\"text-align: justify\"><span style=\"line-height: 1.3em\">Celebrada em espanhol, a missa foi acompanhada por instrumentos t\u00edpicos do folclore latino-americano e cantos da missa criola, composta por Ariel Ramirez.<\/span><\/p>\n<p style=\"text-align: justify\"><strong>Confira a \u00edntegra da homilia:<\/strong><\/p>\n<p style=\"text-align: justify\">&#8220;Que os povos vos louvem, \u00f3 Deus,<\/p>\n<p style=\"text-align: justify\">Tenha Deus piedade de n\u00f3s e nos aben\u00e7oe, fa\u00e7a resplandecer sobre n\u00f3s a luz da sua face,<\/p>\n<p style=\"text-align: justify\">para que se conhe\u00e7am na terra os seus caminhos e em todas as na\u00e7\u00f5es a sua salva\u00e7\u00e3o.<\/p>\n<p style=\"text-align: justify\">Que os povos vos louvem, \u00f3 Deus, que todos os povos vos glorifiquem.<\/p>\n<p style=\"text-align: justify\">Alegrem-se e exultem as na\u00e7\u00f5es, porquanto com equidade regeis os povos e dirigis as na\u00e7\u00f5es sobre a terra.<\/p>\n<p style=\"text-align: justify\">(Salmo 66)<\/p>\n<p style=\"text-align: justify\">A ora\u00e7\u00e3o do salmista, de s\u00faplica, de perd\u00e3o e de ben\u00e7\u00e3o dos povos e das na\u00e7\u00f5es e, ao mesmo tempo, de alegria e louvor, expressa o sentido espiritual desta celebra\u00e7\u00e3o Eucar\u00edstica. S\u00e3o os povos e as na\u00e7\u00f5es de nossa Grande P\u00e1tria latino-americana que hoje comemoram com gratid\u00e3o e alegria a festividade de sua \u201cpadroeira\u201d, Nossa Senhora de Guadalupe, cuja devo\u00e7\u00e3o se estende do Alasca at\u00e9 a Patag\u00f4nia. E com o Arcanjo Gabriel e Santa Isabel, at\u00e9 n\u00f3s, eleva-se a nossa prece filial: \u201cAve Maria, cheia de Gra\u00e7a, o Senhor \u00e9 contigo\u2026\u201d (Lc 1,28).<\/p>\n<p style=\"text-align: justify\">Nesta festividade de Nossa Senhora de Guadalupe, faremos grata mem\u00f3ria de sua visita e materna companhia; cantaremos com Ela o seu \u201cmagnificat\u201d; e lhe confiaremos a vida de nossos povos e a miss\u00e3o continental da Igreja.<\/p>\n<p style=\"text-align: justify\">Quando apareceu a San Juan Diego em Tepeyac, apresentou-se como a \u201cperfeita sempre Virgem Santa Maria, M\u00e3e do verdadeiro Deus\u201d (Nican Mopohua); e deu lugar a uma nova visita. Correu premurosa para abra\u00e7ar tamb\u00e9m os novos povos americanos, numa dram\u00e1tica gesta\u00e7\u00e3o. Foi como \u201c um grande sinal no c\u00e9u: uma mulher revestida do sol, a lua debaixo dos seus p\u00e9s e na cabe\u00e7a uma coroa de doze estrelas\u201d (Ap 12,1), que assumiu para si a simbologia cultural e religiosa dos ind\u00edgenas, anuncia e doa seu Filho aos novos povos de sofrida mesti\u00e7agem.<\/p>\n<p style=\"text-align: justify\">Muitos pularam de alegria e esperan\u00e7a diante de sua visita e diante do dom de seu Filho e a mais perfeita disc\u00edpula do Senhor se tornou \u201ca grande mission\u00e1ria que levou o Evangelho \u00e0 nossa Am\u00e9rica\u201d (Aparecida, 269). O Filho de Maria Sant\u00edssima, Imaculada gr\u00e1vida, se revela assim desde as origens da hist\u00f3ria dos novos povos como \u201co verdadeiro Deus, gra\u00e7as ao qual se vive\u201d, boa nova da dignidade filial de todos os seus habitantes. J\u00e1 ningu\u00e9m mais \u00e9 servo, mas todos somos filhos de um mesmo Pai e irm\u00e3os entre n\u00f3s.<\/p>\n<p style=\"text-align: justify\">A Santa M\u00e3e de Deus n\u00e3o apenas visitou estes povos, mas quis permanecer com eles. Deixou impressa misteriosamente a sua imagem sagrada no \u201cmanto\u201d de seu mensageiro para que nos record\u00e1ssemos sempre, tornando-se assim s\u00edmbolo da alian\u00e7a de Maria com estes povos, a quem se confere alma e ternura.<\/p>\n<p style=\"text-align: justify\">Por sua intercess\u00e3o, a f\u00e9 crist\u00e3 come\u00e7ou a ser o mais rico tesouro da alma dos povos americanos, cuja p\u00e9rola preciosa \u00e9 Jesus Cristo: um patrim\u00f4nio que se transmite e se manifesta at\u00e9 hoje no batismo de uma multid\u00e3o de pessoas na f\u00e9, na esperan\u00e7a e na caridade de muitos, na preciosidade da piedade popular e tamb\u00e9m no \u2018ethos\u2019 dos povos, vis\u00edvel na consci\u00eancia da dignidade da pessoa humana, na paix\u00e3o pela justi\u00e7a, na solidariedade com os mais pobres e sofredores, na esperan\u00e7a, por vezes contra toda esperan\u00e7a.<\/p>\n<p style=\"text-align: justify\">Por isso n\u00f3s, hoje, podemos continuar a louvar Deus pelas maravilhas que atuou na vida dos povos latino-americanos. Deus escondeu estas coisas aos s\u00e1bios e entendidos e as revelou aos pequenos e simples de cora\u00e7\u00e3o\u201d (cf. Mt 11,21). Nas maravilhas que o Senhor realizou em Maria, Ela reconhece o estilo e o modo de agir de Seu Filho na hist\u00f3ria da salva\u00e7\u00e3o. Superando os ju\u00edzos mundanos, destruindo os \u00eddolos do poder, da riqueza, do sucesso a todo custo, denunciando a autossufici\u00eancia, a soberba e os messianismos secularizados que afastam de Deus, o c\u00e2ntico mariano confessa que Deus se compraz em subverter as ideologias e as hierarquias mundanas. Enaltece os humildes, auxilia os pobres e os pequeninos, sacia com bens, b\u00ean\u00e7\u00e3os e esperan\u00e7as os que confiam em sua miseric\u00f3rdia de gera\u00e7\u00e3o em gera\u00e7\u00e3o, enquanto abate os ricos, os poderosos e os dominadores de seus tronos.<\/p>\n<p style=\"text-align: justify\">O \u201cMagnificat\u201d nos introduz nas Bem-aventuran\u00e7as, s\u00edntese primordial da mensagem evang\u00e9lica. \u00c0 sua luz, nos sentimos impulsionados a pedir que o futuro da Am\u00e9rica Latina seja forjado pelos pobres e por aqueles que sofrem, pelos humildes, por aqueles que t\u00eam fome de justi\u00e7a, pelos piedosos, pelos puros de cora\u00e7\u00e3o, por aqueles que trabalham pela paz, pelos perseguidos por causa do nome de Cristo, porque \u201cdeles ser\u00e1 o reino dos C\u00e9us\u201d (cf. Mt 5,1-11).<\/p>\n<p style=\"text-align: justify\">Fazemos esta exorta\u00e7\u00e3o porque a Am\u00e9rica Latina \u00e9 o \u201ccontinente da esperan\u00e7a\u201d, porque para ela esperam-se novos modelos de desenvolvimento que conjuguem tradi\u00e7\u00e3o crist\u00e3 e progresso civil, justi\u00e7a e igualdade com reconcilia\u00e7\u00e3o, desenvolvimento cient\u00edfico e tecnol\u00f3gico com sabedoria humana. Sofrimento fecundo com alegria esperan\u00e7osa. \u00c9 poss\u00edvel tutelar esta esperan\u00e7a somente com grandes doses de verdade e de amor, fundamentos de toda realidade, motores revolucion\u00e1rios de uma aut\u00eantica vida nova.<\/p>\n<p style=\"text-align: justify\">Depositemos estas realidades e desejos no altar como dom agrad\u00e1vel a Deus. Implorando o Seu Perd\u00e3o e confiando em Sua miseric\u00f3rdia, celebramos o sacrif\u00edcio e a vit\u00f3ria pascal de Nosso Senhor Jesus Cristo. Ele \u00e9 o \u00fanico Senhor, o \u201clibertador\u201d de todas as nossas escravid\u00f5es e mis\u00e9rias derivadas do pecado. Ele nos chama a viver a verdadeira vida, uma vida mais humana, uma conviv\u00eancia como Filhos e irm\u00e3os, j\u00e1 abertas as portas \u201cda nova terra e dos novos c\u00e9us\u201d (Ap 21,1). Imploremos a Sant\u00edssima Virgem Maria, em sua voca\u00e7\u00e3o guadalupana \u2013 a M\u00e3e de Deus, a Rainha, a minha Senhora, a minha jovenzinha, a minha pequena, como a chamou San Juan Diego, e com todos os apelativos amorosos com os quais se dirigem a Ela na piedade popular \u2013 para que continue a acompanhar, ajudar e proteger os nossos povos. E para que conduza, por m\u00e3o, todos os filhos que peregrinam nessas terras ao encontro de seu Filho, Jesus Cristo, Nosso Senhor, presente na Igreja, em sua sacralidade, e especialmente na Eucaristia, presente no tesouro de sua Palavra e ensinamentos, presente no santo povo fiel de Deus, naqueles que sofrem e nos humildes de cora\u00e7\u00e3o. Assim seja. Am\u00e9m!&#8221;<\/p>\n","protected":false},"excerpt":{"rendered":"<p>O papa Francisco presidiu, no dia 12 de dezembro, uma celebra\u00e7\u00e3o em honra a Nossa Senhora de Guadalupe, padroeira da Am\u00e9rica Latina. O arcebispo de Aparecida e presidente da Confer\u00eancia Nacional dos Bispos do Brasil (CNBB), cardeal Raymundo Damasceno Assis, concelebrou com o pont\u00edfice na Bas\u00edlica de S\u00e3o Pedro, juntamente com outros bispos e cardeais.<\/p>\n","protected":false},"author":83,"featured_media":10599,"comment_status":"open","ping_status":"open","sticky":false,"template":"","format":"standard","meta":{"site-sidebar-layout":"default","site-content-layout":"default","ast-global-header-display":"","ast-banner-title-visibility":"","ast-main-header-display":"","ast-hfb-above-header-display":"","ast-hfb-below-header-display":"","ast-hfb-mobile-header-display":"","site-post-title":"","ast-breadcrumbs-content":"","ast-featured-img":"","footer-sml-layout":"","theme-transparent-header-meta":"","adv-header-id-meta":"","stick-header-meta":"","header-above-stick-meta":"","header-main-stick-meta":"","header-below-stick-meta":""},"categories":[804],"tags":[],"acf":[],"_links":{"self":[{"href":"https:\/\/www.cnbb.org.br\/cnbb-app\/wp\/v2\/posts\/10598"}],"collection":[{"href":"https:\/\/www.cnbb.org.br\/cnbb-app\/wp\/v2\/posts"}],"about":[{"href":"https:\/\/www.cnbb.org.br\/cnbb-app\/wp\/v2\/types\/post"}],"author":[{"embeddable":true,"href":"https:\/\/www.cnbb.org.br\/cnbb-app\/wp\/v2\/users\/83"}],"replies":[{"embeddable":true,"href":"https:\/\/www.cnbb.org.br\/cnbb-app\/wp\/v2\/comments?post=10598"}],"version-history":[{"count":0,"href":"https:\/\/www.cnbb.org.br\/cnbb-app\/wp\/v2\/posts\/10598\/revisions"}],"wp:featuredmedia":[{"embeddable":true,"href":"https:\/\/www.cnbb.org.br\/cnbb-app\/wp\/v2\/media\/10599"}],"wp:attachment":[{"href":"https:\/\/www.cnbb.org.br\/cnbb-app\/wp\/v2\/media?parent=10598"}],"wp:term":[{"taxonomy":"category","embeddable":true,"href":"https:\/\/www.cnbb.org.br\/cnbb-app\/wp\/v2\/categories?post=10598"},{"taxonomy":"post_tag","embeddable":true,"href":"https:\/\/www.cnbb.org.br\/cnbb-app\/wp\/v2\/tags?post=10598"}],"curies":[{"name":"wp","href":"https:\/\/api.w.org\/{rel}","templated":true}]}}