{"id":10610,"date":"2015-07-06T00:00:00","date_gmt":"2015-07-06T03:00:00","guid":{"rendered":"https:\/\/www.cnbb.org.br\/francisco-inicia-pelo-equador-sua-segunda-viagem-a-america-latina\/"},"modified":"2015-07-06T00:00:00","modified_gmt":"2015-07-06T03:00:00","slug":"francisco-inicia-pelo-equador-sua-segunda-viagem-a-america-latina","status":"publish","type":"post","link":"https:\/\/www.cnbb.org.br\/francisco-inicia-pelo-equador-sua-segunda-viagem-a-america-latina\/","title":{"rendered":"Francisco inicia pelo Equador sua segunda viagem \u00e0 Am\u00e9rica-latina"},"content":{"rendered":"<p style=\"text-align: justify\"><span style=\"font-size: 12.1599998474121px;line-height: 1.3em\">Ap\u00f3s quase dois anos, o papa volta \u00e0 Am\u00e9rica Latina, em sua nona viagem internacional. Francisco chegou ao Equador neste domingo, 5, e passar\u00e1 ainda por Bol\u00edvia e Paraguai. Ao desembarcar em Quito, foi recebido pelo presidente do pa\u00eds, Rafael Correa.<\/span><\/p>\n<p><!--more--><\/p>\n<p style=\"text-align: justify\">O Equador enfrenta atualmente uma s\u00e9rie de protestos contra o presidente, em decorr\u00eancia do aumento de impostos e da suposta autocracia do governo. Francisco pediu que o pa\u00eds enfrente os desafios fomentando o di\u00e1logo e a participa\u00e7\u00e3o sem exclus\u00f5es, \u201cpara que as realiza\u00e7\u00f5es alcan\u00e7adas no progresso e desenvolvimento possam garantir um futuro melhor para todos, prestando especial aten\u00e7\u00e3o aos mais fr\u00e1geis e \u00e0s minorias mais vulner\u00e1veis que \u00e9 a d\u00edvida que toda a Am\u00e9rica Latina tem\u201d. Ele ainda garantiu ao presidente que poder\u00e1 contar com o compromisso e a colabora\u00e7\u00e3o da Igreja para seguir avan\u00e7ando nessas quest\u00f5es.<\/p>\n<p style=\"text-align: justify\">Em seu primeiro discurso, o papa tamb\u00e9m lembrou que visitou o Equador em diferentes ocasi\u00f5es por motivos pastorais, mas que agora est\u00e1 como \u201ctestemunha da miseric\u00f3rdia de Deus e da f\u00e9 em Jesus Cristo\u201d.<\/p>\n<p style=\"text-align: justify\"><img decoding=\"async\" loading=\"lazy\" class=\" alignright size-full wp-image-26343\" style=\"float: right\" src=\"https:\/\/www.cnbb.org.br\/wp-content\/uploads\/2020\/03\/Francisco_Equador2.jpg\" width=\"220\" height=\"220\" border=\"0\" \/>Em sua primeira viagem ao Equador, o pont\u00edfice cumprir\u00e1 compromissos at\u00e9 quarta-feira, 8. Francisco deve visitar, entre outros lugares, o\u00a0Santu\u00e1rio da Divina Miseric\u00f3rdia e celebrar a missa no Parque de Los Samanes. Na capital, Quito, al\u00e9m de encontros agendados, ele ir\u00e1 celebrar a eucaristia no Parque Bicenten\u00e1rio, dedicada \u00e0 evangeliza\u00e7\u00e3o dos povos, e realizar uma visita privada \u00e0\u00a0&#8220;Iglesia de la Compa\u00f1ia&#8217;, onde se recolher\u00e1 em ora\u00e7\u00e3o diante da imagem de Nossa Senhora das Dores, e ainda se encontrar\u00e1 com religiosos no Santu\u00e1rio Mariano Nacional Mariano &#8216;El Quinche&#8217;.<\/p>\n<p style=\"text-align: justify\"><strong>Agenda na Am\u00e9rica Latina<\/strong><\/p>\n<p style=\"text-align: justify\">Sobre a viagem mais extensa do pontificado de Francisco, o porta-voz da Santa S\u00e9, padre Frederico Lombardi, afirmou que esta \u00e9 a primeira vez que a visita ser\u00e1 feita a tr\u00eas pa\u00edses. \u201cN\u00e3o os maiores e os primeiros na geopol\u00edtica, seguindo a l\u00f3gica das periferias querida pelo papa. A hist\u00f3ria desses tr\u00eas pa\u00edses, feitas de conflitos e ditaduras, ser\u00e1 um elemento importante para entender as mensagens que o papa ir\u00e1 proferir\u201d, explicou.<\/p>\n<p style=\"text-align: justify\">O segundo destino do papa \u00e9 a Bol\u00edvia, onde ficar\u00e1 de quarta, 8, at\u00e9 a sexta-feira, 10. No pa\u00eds, o lema para a visita de Francisco \u00e9 \u201cCom Francisco anunciamos a alegria do Evangelho\u201d. Ele visitar\u00e1 as cidades El Alto e La Paz, e passar\u00e1 no local onde o padre jesu\u00edta Luis Espinal foi assassinado em 1980, \u00e9poca da ditadura. Em Santa Cruz de la Sierra, al\u00e9m de celebrar missa na Pra\u00e7a Cristo Redentor, Francisco ir\u00e1 fazer a abertura do V Congresso Eucar\u00edstico Nacional e do II Encontro Mundial dos Movimentos Populares.<\/p>\n<p style=\"text-align: justify\">Na sexta-feira, 10, ser\u00e1 a vez do Paraguai receber o pont\u00edfice. No pa\u00eds, est\u00e1 prevista uma visita ao hospital pedi\u00e1trico da capital; a celebra\u00e7\u00e3o da missa no Santu\u00e1rio Mariano de Caacup\u00e9 e outra no parque da base Nu Guazu, onde h\u00e1 um altar inspirado na cultura ind\u00edgena. \u00a0Francisco se encontrar\u00e1 \u00a0com os bispos paraguaios no s\u00e1bado, 11, no Centro da Nunciatura Apost\u00f3lica, e com os jovens na Avenida Costanera de Assun\u00e7\u00e3o.<\/p>\n<p style=\"text-align: justify\">No dia 13, Francisco retornar\u00e1 a Roma. Os tr\u00eas pa\u00edses latino-americanos\u00a0visitados por ele tamb\u00e9m foram conhecidos por S\u00e3o Jo\u00e3o Paulo II, que viajou em 1985 ao Equador, e em 1988 para Bol\u00edvia e Paraguai.<\/p>\n<h5 style=\"text-align: justify\">Com informa\u00e7\u00f5es do News.va e foto da R\u00e1dio Vaticano<\/h5>\n<p>&nbsp;<\/p>\n","protected":false},"excerpt":{"rendered":"<p>Ap\u00f3s quase dois anos, o papa volta \u00e0 Am\u00e9rica Latina, em sua nona viagem internacional. Francisco chegou ao Equador neste domingo, 5, e passar\u00e1 ainda por Bol\u00edvia e Paraguai. Ao desembarcar em Quito, foi recebido pelo presidente do pa\u00eds, Rafael Correa.<\/p>\n","protected":false},"author":83,"featured_media":10611,"comment_status":"open","ping_status":"open","sticky":false,"template":"","format":"standard","meta":{"site-sidebar-layout":"default","site-content-layout":"default","ast-global-header-display":"","ast-banner-title-visibility":"","ast-main-header-display":"","ast-hfb-above-header-display":"","ast-hfb-below-header-display":"","ast-hfb-mobile-header-display":"","site-post-title":"","ast-breadcrumbs-content":"","ast-featured-img":"","footer-sml-layout":"","theme-transparent-header-meta":"","adv-header-id-meta":"","stick-header-meta":"","header-above-stick-meta":"","header-main-stick-meta":"","header-below-stick-meta":""},"categories":[804],"tags":[],"acf":[],"_links":{"self":[{"href":"https:\/\/www.cnbb.org.br\/cnbb-app\/wp\/v2\/posts\/10610"}],"collection":[{"href":"https:\/\/www.cnbb.org.br\/cnbb-app\/wp\/v2\/posts"}],"about":[{"href":"https:\/\/www.cnbb.org.br\/cnbb-app\/wp\/v2\/types\/post"}],"author":[{"embeddable":true,"href":"https:\/\/www.cnbb.org.br\/cnbb-app\/wp\/v2\/users\/83"}],"replies":[{"embeddable":true,"href":"https:\/\/www.cnbb.org.br\/cnbb-app\/wp\/v2\/comments?post=10610"}],"version-history":[{"count":0,"href":"https:\/\/www.cnbb.org.br\/cnbb-app\/wp\/v2\/posts\/10610\/revisions"}],"wp:featuredmedia":[{"embeddable":true,"href":"https:\/\/www.cnbb.org.br\/cnbb-app\/wp\/v2\/media\/10611"}],"wp:attachment":[{"href":"https:\/\/www.cnbb.org.br\/cnbb-app\/wp\/v2\/media?parent=10610"}],"wp:term":[{"taxonomy":"category","embeddable":true,"href":"https:\/\/www.cnbb.org.br\/cnbb-app\/wp\/v2\/categories?post=10610"},{"taxonomy":"post_tag","embeddable":true,"href":"https:\/\/www.cnbb.org.br\/cnbb-app\/wp\/v2\/tags?post=10610"}],"curies":[{"name":"wp","href":"https:\/\/api.w.org\/{rel}","templated":true}]}}