{"id":10636,"date":"2009-06-01T00:00:00","date_gmt":"2009-06-01T03:00:00","guid":{"rendered":"https:\/\/www.cnbb.org.br\/x-nordestao-de-presbiteros\/"},"modified":"2009-06-01T00:00:00","modified_gmt":"2009-06-01T03:00:00","slug":"x-nordestao-de-presbiteros","status":"publish","type":"post","link":"https:\/\/www.cnbb.org.br\/x-nordestao-de-presbiteros\/","title":{"rendered":"X Nordest\u00e3o de Presb\u00edteros"},"content":{"rendered":"<p>A Confer\u00eancia Nacional dos Bispos do Brasil, a Comiss\u00e3o Nacional de Presb\u00edteros e as Comiss\u00f5es Regionais de Presb\u00edteros-CRPs &#8211; (NE 1, NE 2, NE 3, NE 4 e NE 5),<\/p>\n<p>  <!--more-->  <\/p>\n<p>realizam o X Nordest\u00e3o de Presb\u00edteros, em Fortaleza &#8211; CE, no Hotel Oceani Resort &#8211; Porto das Dunas, do dia 17 ao dia 2O de agosto deste ano.<\/p>\n<p style=\"text-align: justify\">O tema central \u00e9 Forma\u00e7\u00e3o Presbiteral e seus desafios com assessoria de Dom S\u00e9rgio da Rocha, arcebispo de Teresina &#8211; PI, presidente do Departamento de Voca\u00e7\u00f5es e Minist\u00e9rios do CELAM, membro da Comiss\u00e3o Episcopal para os Minist\u00e9rios e a Vida Consagrada da CNBB, membro do Conselho Permanente da CNBB e presidente do Regional Nordeste IV.<\/p>\n<p style=\"text-align: justify\">Durante o evento outros estudos fazem parte da programa\u00e7\u00e3o: Conjuntura atual, com assessoria do Pe. Manfredo de Oliveira, a Miss\u00e3o do Presb\u00edtero a partir das Cartas Paulinas, com assessoria da Prof. T\u00e2nia Couto e Novos caminhos da Forma\u00e7\u00e3o Presbiteral Diretrizes, com assessoria do Pe. Almir Magalh\u00e3es.<br \/>A coordena\u00e7\u00e3o do encontro ser\u00e1 de responsabilidade dos presidentes das CRPs dos Regionais do Nordeste. Outras equipes j\u00e1 est\u00e3o trabalhando: a acolhida e recep\u00e7\u00e3o contar\u00e1, por exemplo, com apoio da Pastoral Familiar.<\/p>\n<p style=\"text-align: justify\">Os presb\u00edteros, participantes do Nordest\u00e3o, concelebrar\u00e3o no dia 18, \u00e0s 18 horas, no Santu\u00e1rio Nossa Senhora de F\u00e1tima, a missa que ser\u00e1 presidida por Dom Jos\u00e9 Antonio, arcebispo de Fortaleza, e, no dia 19, \u00e0s 11h30, na Matriz de Aquiraz, presidida por Dom Ant\u00f4nio Cavuto (CMOVC Regional). O dia 20, \u00faltimo dia, ser\u00e1 dedicado ao Encontro por Regionais, CNP, ANP, Encaminhamentos, Avalia\u00e7\u00e3o e Celebra\u00e7\u00e3o de Envio.<\/p>\n<p style=\"text-align: justify\">Informa\u00e7\u00f5es: Pe. Gilson Soares. Telefones: (85) 3252-4046; (85) 9944-8378 ou e-mail: cnbbne1@veloxmail.com.br<\/p>\n","protected":false},"excerpt":{"rendered":"<p>A Confer\u00eancia Nacional dos Bispos do Brasil, a Comiss\u00e3o Nacional de Presb\u00edteros e as Comiss\u00f5es Regionais de Presb\u00edteros-CRPs &#8211; (NE 1, NE 2, NE 3, NE 4 e NE 5),<\/p>\n","protected":false},"author":83,"featured_media":10637,"comment_status":"open","ping_status":"open","sticky":false,"template":"","format":"standard","meta":{"site-sidebar-layout":"default","site-content-layout":"default","ast-global-header-display":"","ast-banner-title-visibility":"","ast-main-header-display":"","ast-hfb-above-header-display":"","ast-hfb-below-header-display":"","ast-hfb-mobile-header-display":"","site-post-title":"","ast-breadcrumbs-content":"","ast-featured-img":"","footer-sml-layout":"","theme-transparent-header-meta":"","adv-header-id-meta":"","stick-header-meta":"","header-above-stick-meta":"","header-main-stick-meta":"","header-below-stick-meta":""},"categories":[758],"tags":[],"acf":[],"_links":{"self":[{"href":"https:\/\/www.cnbb.org.br\/cnbb-app\/wp\/v2\/posts\/10636"}],"collection":[{"href":"https:\/\/www.cnbb.org.br\/cnbb-app\/wp\/v2\/posts"}],"about":[{"href":"https:\/\/www.cnbb.org.br\/cnbb-app\/wp\/v2\/types\/post"}],"author":[{"embeddable":true,"href":"https:\/\/www.cnbb.org.br\/cnbb-app\/wp\/v2\/users\/83"}],"replies":[{"embeddable":true,"href":"https:\/\/www.cnbb.org.br\/cnbb-app\/wp\/v2\/comments?post=10636"}],"version-history":[{"count":0,"href":"https:\/\/www.cnbb.org.br\/cnbb-app\/wp\/v2\/posts\/10636\/revisions"}],"wp:featuredmedia":[{"embeddable":true,"href":"https:\/\/www.cnbb.org.br\/cnbb-app\/wp\/v2\/media\/10637"}],"wp:attachment":[{"href":"https:\/\/www.cnbb.org.br\/cnbb-app\/wp\/v2\/media?parent=10636"}],"wp:term":[{"taxonomy":"category","embeddable":true,"href":"https:\/\/www.cnbb.org.br\/cnbb-app\/wp\/v2\/categories?post=10636"},{"taxonomy":"post_tag","embeddable":true,"href":"https:\/\/www.cnbb.org.br\/cnbb-app\/wp\/v2\/tags?post=10636"}],"curies":[{"name":"wp","href":"https:\/\/api.w.org\/{rel}","templated":true}]}}