{"id":10657,"date":"2009-03-18T00:00:00","date_gmt":"2009-03-18T03:00:00","guid":{"rendered":"https:\/\/www.cnbb.org.br\/28o-assembleia-ordinaria-eletiva-do-comina\/"},"modified":"2009-03-18T00:00:00","modified_gmt":"2009-03-18T03:00:00","slug":"28o-assembleia-ordinaria-eletiva-do-comina","status":"publish","type":"post","link":"https:\/\/www.cnbb.org.br\/28o-assembleia-ordinaria-eletiva-do-comina\/","title":{"rendered":"28\u00aa Assembl\u00e9ia Ordin\u00e1ria Eletiva do COMINA"},"content":{"rendered":"<p style=\"text-align: justify\">Realizou-se nos dias 12 \u2013 15 de mar\u00e7o de 2009, nas depend\u00eancias das Pontif\u00edcias Obras Mission\u00e1rias (POM), em Bras\u00edlia, a 28\u00aa Assembl\u00e9ia do Conselho Mission\u00e1rio<\/p>\n<p>  <!--more-->  <\/p>\n<p style=\"text-align: justify\">Nacional (COMINA), cujo tema era: \u201cDesafios da Miss\u00e3o: Inicia\u00e7\u00e3o Crist\u00e3, Miss\u00e3o Continental e Miss\u00e3o Al\u00e9m-Fronteiras\u201d. Com a participa\u00e7\u00e3o de 45 membros, entre bispos presidentes dos regionais e seus respectivos coordenadores, representantes das congrega\u00e7\u00f5es mission\u00e1rias, femininas e masculinas, Instituto secular, Leigos mission\u00e1rios, Organismos e Institutos mission\u00e1rios. A Assembl\u00e9ia contou, na abertura, com a presen\u00e7a do secret\u00e1rio geral da CNBB, dom Dimas Lara Barbosa. Na reuni\u00e3o, foram aprovadas as propostas para serem trabalhadas nos pr\u00f3ximos quatro anos tendo como refer\u00eancia Miss\u00e3o Continental, a Miss\u00e3o Al\u00e9m-Fronteiras, a Miss\u00e3o Ad Gentes, o Ano Catequ\u00e9tico e Ano Paulino.<\/p>\n<p style=\"text-align: justify\">\u00a0<\/p>\n<p style=\"text-align: justify\">Por ser uma assembl\u00e9ia eletiva, foram eleitos o secret\u00e1rio executivo do COMINA, Pe. Jos\u00e9 Altevir da Silva, CSSp, o atual assessor da Dimens\u00e3o Mission\u00e1ria da CNBB, a tesoureira, Aparecida Severo da Silva, representante dos COMIRES, Robson Luiz Ferreira e como indica\u00e7\u00e3o da assembl\u00e9ia para compor a equipe executiva, Suyapa Sauceda, continuando como presidente, Dom S\u00e9rgio Castriani.<\/p>\n<p style=\"text-align: justify\">Como prioridades e perspectivas para o quadri\u00eanio, a assembl\u00e9ia destacou: Informa\u00e7\u00e3o Mission\u00e1ria \u2013 Forma\u00e7\u00e3o \u2013 Anima\u00e7\u00e3o \u2013 Coopera\u00e7\u00e3o Mission\u00e1ria &#8211; Articula\u00e7\u00e3o<\/p>\n<ol>\n<li>INFORMA\u00c7\u00c2O: Incentivar a divulga\u00e7\u00e3o do Portal Mission\u00e1rio, sua manuten\u00e7\u00e3o e atualiza\u00e7\u00e3o, como cadastro; Formar equipe de comunica\u00e7\u00e3o (COMIN\u00c2O); elabora\u00e7\u00e3o de v\u00eddeos com diversos temas: Miss\u00e3o Continental com pre\u00e7o acess\u00edvel; promover uma sensibiliza\u00e7\u00e3o sobre a necessidade do envio de not\u00edcias mission\u00e1rias, banco de dados com blogs\/youtube, panfletos; Divulgar mais a organiza\u00e7\u00e3o, objetivos, atividades dos COMIPAs, COMIDIs, COMIREs.<\/li>\n<li>FORMA\u00c7\u00c3O: Impregnar o processo educativo da f\u00e9 com a dimens\u00e3o mission\u00e1ria: Crer como Jesus, que veio como mission\u00e1rio; formar para implanta\u00e7\u00e3o dos conselhos e para trabalho com outros setores de pastorais; proporcionar a partilha do que j\u00e1 existe no \u00e2mbito da forma\u00e7\u00e3o dos COMIDIs, COMIPAs para planejarem novas a\u00e7\u00f5es al\u00e9 das que j\u00e1 existem; elaborar um curr\u00edculo de forma\u00e7\u00e3o que sirva de refer\u00eancia em \u00e2mbito nacional; levar em considera\u00e7\u00e3o os objetivos do \u201cBrasil na Miss\u00e3o Continental\u201d para programar a forma\u00e7\u00e3o.<\/li>\n<li>ANIMA\u00c7\u00c3O: Agrupar as for\u00e7as das Dioceses, Par\u00f3quias, Regionais. Congressos mission\u00e1rios estaduais ou regionais a cada 2 anos; incentivar Congressos Mission\u00e1rios: Pr\u00e9-Comla a n\u00edvel Nacional e P\u00f3s-Comla a n\u00edvel Regional.. Vig\u00edlia de ora\u00e7\u00e3o na v\u00e9spera do Dia Mundial das Miss\u00f5es. O COMINA preparar o material. Incentivar COMIDIs, COMIPAs para reservarem espa\u00e7o nos informativos das Par\u00f3quias e Dioceses. Insistir para que outros eventos nacionais n\u00e3o ocupem o Dia Mundial das Miss\u00f5es.<\/li>\n<li>COOPERA\u00c7\u00c2O: projetos para fora: prioridade para a pr\u00f3xima reuni\u00e3o; projetos Igrejas-Irm\u00e3s; projetos locais; pensar no projeto para a Am\u00e9rica Latina. Al\u00e9m-fronteira, Continental, Nacional e articula\u00e7\u00e3o inter-congregacional \/ interinstituicional.<\/li>\n<li>Divulgar os projetos em todos os \u00e2mbitos, comunidades, par\u00f3quias, dioceses, CRB, CNBB. Investir mais na comunica\u00e7\u00e3o para ajudar na funcionalidade das coisas. Articula\u00e7\u00e3o intercongregacional e inter-institucional.<\/li>\n<li>ARTICULA\u00c7\u00c3O: que o COMINA tenha um boletim pr\u00f3prio. A Equipe do COMINA se divida para visitar os regionais. Esteja mais presente nos regionais. Confec\u00e7\u00e3o de material para \u2013 Intra-net. Usar a iternet para uma \u00e1rea. Incentivar os COMISES. Leigos Mission\u00e1rios para a Miss\u00e3o. Criar um setor dentro de Comunica\u00e7\u00e3o.<\/li>\n<\/ol>\n<p style=\"text-align: justify\">Pe. Jos\u00e9 Altevir<br \/>Assessor da Comiss\u00e3o Episcopal Pastoral<br \/>para a A\u00e7\u00e3o Mission\u00e1ria e Coopera\u00e7\u00e3o Intereclesial<\/p>\n","protected":false},"excerpt":{"rendered":"<p>Realizou-se nos dias 12 \u2013 15 de mar\u00e7o de 2009, nas depend\u00eancias das Pontif\u00edcias Obras Mission\u00e1rias (POM), em Bras\u00edlia, a 28\u00aa Assembl\u00e9ia do Conselho Mission\u00e1rio<\/p>\n","protected":false},"author":83,"featured_media":0,"comment_status":"open","ping_status":"open","sticky":false,"template":"","format":"standard","meta":{"site-sidebar-layout":"default","site-content-layout":"default","ast-global-header-display":"","ast-banner-title-visibility":"","ast-main-header-display":"","ast-hfb-above-header-display":"","ast-hfb-below-header-display":"","ast-hfb-mobile-header-display":"","site-post-title":"","ast-breadcrumbs-content":"","ast-featured-img":"","footer-sml-layout":"","theme-transparent-header-meta":"","adv-header-id-meta":"","stick-header-meta":"","header-above-stick-meta":"","header-main-stick-meta":"","header-below-stick-meta":""},"categories":[758],"tags":[],"acf":[],"_links":{"self":[{"href":"https:\/\/www.cnbb.org.br\/cnbb-app\/wp\/v2\/posts\/10657"}],"collection":[{"href":"https:\/\/www.cnbb.org.br\/cnbb-app\/wp\/v2\/posts"}],"about":[{"href":"https:\/\/www.cnbb.org.br\/cnbb-app\/wp\/v2\/types\/post"}],"author":[{"embeddable":true,"href":"https:\/\/www.cnbb.org.br\/cnbb-app\/wp\/v2\/users\/83"}],"replies":[{"embeddable":true,"href":"https:\/\/www.cnbb.org.br\/cnbb-app\/wp\/v2\/comments?post=10657"}],"version-history":[{"count":0,"href":"https:\/\/www.cnbb.org.br\/cnbb-app\/wp\/v2\/posts\/10657\/revisions"}],"wp:attachment":[{"href":"https:\/\/www.cnbb.org.br\/cnbb-app\/wp\/v2\/media?parent=10657"}],"wp:term":[{"taxonomy":"category","embeddable":true,"href":"https:\/\/www.cnbb.org.br\/cnbb-app\/wp\/v2\/categories?post=10657"},{"taxonomy":"post_tag","embeddable":true,"href":"https:\/\/www.cnbb.org.br\/cnbb-app\/wp\/v2\/tags?post=10657"}],"curies":[{"name":"wp","href":"https:\/\/api.w.org\/{rel}","templated":true}]}}