{"id":10699,"date":"2008-06-24T00:00:00","date_gmt":"2008-06-24T03:00:00","guid":{"rendered":"https:\/\/www.cnbb.org.br\/analise-dos-desafios-e-prospectivas-de-seu-futuro\/"},"modified":"2008-06-24T00:00:00","modified_gmt":"2008-06-24T03:00:00","slug":"analise-dos-desafios-e-prospectivas-de-seu-futuro","status":"publish","type":"post","link":"https:\/\/www.cnbb.org.br\/analise-dos-desafios-e-prospectivas-de-seu-futuro\/","title":{"rendered":"An\u00e1lise dos desafios e prospectivas de seu futuro"},"content":{"rendered":"<p style=\"text-align: justify\" \/>A Presid\u00eancia da Comiss\u00e3o Episcopal da Amaz\u00f4nia esteve reunida nos dias 11 e 12 de setembro com um grupo de assessores para examinar em maiores   <!--more-->  detalhes os desafios enfrentados pela Amaz\u00f4nia (Legal) que representa quase 60% do territ\u00f3rio brasileiro e conta com uma popula\u00e7\u00e3o de 25.000.000 de habitantes. No final do primeiro dia os participantes do grupo foram recebidos pela Ministra do meio ambiente, Marina Silva. Neste encontro, ap\u00f3s uma retrospectiva hist\u00f3rica foram analisados seus recursos naturais (h\u00eddricos, florestais, minerais e solo); sua biodiversidade e clima; sua estrutura e conforma\u00e7\u00e3o urbana; a atividade extrativista; o agroneg\u00f3cio; a minera\u00e7\u00e3o; a atividade biotecol\u00f3gica, e acima de tudo as condi\u00e7\u00f5es de vida do amaz\u00f4nida, ou do ser humano que vive nessa Regi\u00e3o. Em seguida foram projetadas algumas alternativas. Em seguida foram projetadas algumas alternativas de desenvolvimento sustent\u00e1vel para a Amaz\u00f4nia, numa perspectiva n\u00e3o apenas da Amaz\u00f4nia estritamente brasileira, nas tamb\u00e9m numa vis\u00e3o geopol\u00edtica. A Igreja tem a miss\u00e3o de contribuir com seu esfor\u00e7o de evangeliza\u00e7\u00e3o para que os amaz\u00f4nidas construam pouco a pouco um novo tipo de civiliza\u00e7\u00e3o exigido pela peculiaridade\u00a0 dessa Regi\u00e3o, preservando e cultivando a vida e tornando o cidad\u00e3o da Amaz\u00f4nia a se tornar sujeito deste novo projeto civilizat\u00f3rio.<\/p>\n","protected":false},"excerpt":{"rendered":"<p>A Presid\u00eancia da Comiss\u00e3o Episcopal da Amaz\u00f4nia esteve reunida nos dias 11 e 12 de setembro com um grupo de assessores para examinar em maiores<\/p>\n","protected":false},"author":83,"featured_media":0,"comment_status":"open","ping_status":"open","sticky":false,"template":"","format":"standard","meta":{"site-sidebar-layout":"default","site-content-layout":"default","ast-global-header-display":"","ast-banner-title-visibility":"","ast-main-header-display":"","ast-hfb-above-header-display":"","ast-hfb-below-header-display":"","ast-hfb-mobile-header-display":"","site-post-title":"","ast-breadcrumbs-content":"","ast-featured-img":"","footer-sml-layout":"","theme-transparent-header-meta":"","adv-header-id-meta":"","stick-header-meta":"","header-above-stick-meta":"","header-main-stick-meta":"","header-below-stick-meta":""},"categories":[758],"tags":[],"acf":[],"_links":{"self":[{"href":"https:\/\/www.cnbb.org.br\/cnbb-app\/wp\/v2\/posts\/10699"}],"collection":[{"href":"https:\/\/www.cnbb.org.br\/cnbb-app\/wp\/v2\/posts"}],"about":[{"href":"https:\/\/www.cnbb.org.br\/cnbb-app\/wp\/v2\/types\/post"}],"author":[{"embeddable":true,"href":"https:\/\/www.cnbb.org.br\/cnbb-app\/wp\/v2\/users\/83"}],"replies":[{"embeddable":true,"href":"https:\/\/www.cnbb.org.br\/cnbb-app\/wp\/v2\/comments?post=10699"}],"version-history":[{"count":0,"href":"https:\/\/www.cnbb.org.br\/cnbb-app\/wp\/v2\/posts\/10699\/revisions"}],"wp:attachment":[{"href":"https:\/\/www.cnbb.org.br\/cnbb-app\/wp\/v2\/media?parent=10699"}],"wp:term":[{"taxonomy":"category","embeddable":true,"href":"https:\/\/www.cnbb.org.br\/cnbb-app\/wp\/v2\/categories?post=10699"},{"taxonomy":"post_tag","embeddable":true,"href":"https:\/\/www.cnbb.org.br\/cnbb-app\/wp\/v2\/tags?post=10699"}],"curies":[{"name":"wp","href":"https:\/\/api.w.org\/{rel}","templated":true}]}}