{"id":10711,"date":"2008-08-10T00:00:00","date_gmt":"2008-08-10T03:00:00","guid":{"rendered":"https:\/\/www.cnbb.org.br\/a-eucaristia-e-a-dimensao-social\/"},"modified":"2008-08-10T00:00:00","modified_gmt":"2008-08-10T03:00:00","slug":"a-eucaristia-e-a-dimensao-social","status":"publish","type":"post","link":"https:\/\/www.cnbb.org.br\/a-eucaristia-e-a-dimensao-social\/","title":{"rendered":"A Eucaristia e a Dimens\u00e3o Social"},"content":{"rendered":"<p style=\"text-align: justify\">A eucaristia est\u00e1 plenamente vinculada \u00e0 dimens\u00e3o social da vida humana. Sendo a celebra\u00e7\u00e3o do mist\u00e9rio Pascal da vida, morte e ressurrei\u00e7\u00e3o de Jesus \u00e9 tamb\u00e9m a<\/p>\n<p>  <!--more-->  <\/p>\n<p style=\"text-align: justify\">celebra\u00e7\u00e3o das alegrias e tristezas, mortes e sofrimentos do homem e da mulher de todos os tempos. A eucaristia abra\u00e7a e impregna toda a cria\u00e7\u00e3o. \u201cO mundo criado, n\u00e3o somente o g\u00eanero humano, mas todo o cosmos volta ao Pai, redimido por Jesus Cristo\u201d.<\/p>\n<p style=\"text-align: justify\">A comunidade de f\u00e9, com sua realidade pessoal, pol\u00edtica, social e cultural transporta-se ao evento fundador da eucaristia, a morte e ressurrei\u00e7\u00e3o de Jesus. Desta maneira atualiza o evento, tornando-o memorial. Portanto o v\u00ednculo da eucaristia com a dimens\u00e3o social da vida humana, encontra-se no pr\u00f3prio memorial que se realiza dentro de um contexto hist\u00f3rico, e a partir de uma realidade concreta. A dimens\u00e3o social n\u00e3o \u00e9 de forma alguma um adendo ou um acr\u00e9scimo circunstancial \u00e0 eucaristia. Por isto mesmo, esta dimens\u00e3o deve ser experienciada em todas as celebra\u00e7\u00f5es eucar\u00edsticas. Ao participar bem da celebra\u00e7\u00e3o da eucaristia, \u00e9 imposs\u00edvel, n\u00e3o partir para o compromisso \u00e9tico, social e pol\u00edtico. Queremos refletir brevemente sobre a mesa da Palavra e a Mesa do P\u00e3o e do Vinho, no contexto do ato celebrativo e a sua rela\u00e7\u00e3o com a Mesa do Reino.<\/p>\n<h3 style=\"text-align: justify\"><a href=\"http:\/\/cnbbjoomla.sitesparresia.com\/wp-content\/uploads\/sites\/85\/2008\/08\/files_48651a9f5ecc7.pdf\" target=\"_blank\" rel=\"noopener\">Leia o artigo na \u00edntegra.<\/a><\/h3>\n","protected":false},"excerpt":{"rendered":"<p>A eucaristia est\u00e1 plenamente vinculada \u00e0 dimens\u00e3o social da vida humana. Sendo a celebra\u00e7\u00e3o do mist\u00e9rio Pascal da vida, morte e ressurrei\u00e7\u00e3o de Jesus \u00e9 tamb\u00e9m a<\/p>\n","protected":false},"author":83,"featured_media":0,"comment_status":"open","ping_status":"open","sticky":false,"template":"","format":"standard","meta":{"site-sidebar-layout":"default","site-content-layout":"default","ast-global-header-display":"","ast-banner-title-visibility":"","ast-main-header-display":"","ast-hfb-above-header-display":"","ast-hfb-below-header-display":"","ast-hfb-mobile-header-display":"","site-post-title":"","ast-breadcrumbs-content":"","ast-featured-img":"","footer-sml-layout":"","theme-transparent-header-meta":"","adv-header-id-meta":"","stick-header-meta":"","header-above-stick-meta":"","header-main-stick-meta":"","header-below-stick-meta":""},"categories":[758],"tags":[],"acf":[],"_links":{"self":[{"href":"https:\/\/www.cnbb.org.br\/cnbb-app\/wp\/v2\/posts\/10711"}],"collection":[{"href":"https:\/\/www.cnbb.org.br\/cnbb-app\/wp\/v2\/posts"}],"about":[{"href":"https:\/\/www.cnbb.org.br\/cnbb-app\/wp\/v2\/types\/post"}],"author":[{"embeddable":true,"href":"https:\/\/www.cnbb.org.br\/cnbb-app\/wp\/v2\/users\/83"}],"replies":[{"embeddable":true,"href":"https:\/\/www.cnbb.org.br\/cnbb-app\/wp\/v2\/comments?post=10711"}],"version-history":[{"count":0,"href":"https:\/\/www.cnbb.org.br\/cnbb-app\/wp\/v2\/posts\/10711\/revisions"}],"wp:attachment":[{"href":"https:\/\/www.cnbb.org.br\/cnbb-app\/wp\/v2\/media?parent=10711"}],"wp:term":[{"taxonomy":"category","embeddable":true,"href":"https:\/\/www.cnbb.org.br\/cnbb-app\/wp\/v2\/categories?post=10711"},{"taxonomy":"post_tag","embeddable":true,"href":"https:\/\/www.cnbb.org.br\/cnbb-app\/wp\/v2\/tags?post=10711"}],"curies":[{"name":"wp","href":"https:\/\/api.w.org\/{rel}","templated":true}]}}