{"id":10713,"date":"2008-08-10T00:00:00","date_gmt":"2008-08-10T03:00:00","guid":{"rendered":"https:\/\/www.cnbb.org.br\/gaudim-et-spes-ontem-e-hoje-a-carta-magna-da-pastoral-social\/"},"modified":"2008-08-10T00:00:00","modified_gmt":"2008-08-10T03:00:00","slug":"gaudim-et-spes-ontem-e-hoje-a-carta-magna-da-pastoral-social","status":"publish","type":"post","link":"https:\/\/www.cnbb.org.br\/gaudim-et-spes-ontem-e-hoje-a-carta-magna-da-pastoral-social\/","title":{"rendered":"Gaudim et spes ontem e hoje &#8211; A Carta Magna da Pastoral Social"},"content":{"rendered":"<p style=\"text-align: justify\">Em dezembro de 2005 a Igreja celebrou o 40\u00ba anivers\u00e1rio da promulga\u00e7\u00e3o solene, pelo Papa Paulo VI, da Constitui\u00e7\u00e3o pastoral sobre a Igreja no mundo de hoje \u2013<\/p>\n<p>  <!--more-->  <\/p>\n<p style=\"text-align: justify\">Gaudium et Spes (GS). Nestes quarenta anos, muito j\u00e1 se escreveu e se falou sobre este documento. Sua elabora\u00e7\u00e3o e aprova\u00e7\u00e3o devem-se a uma id\u00e9ia do Cardeal Suenens, lan\u00e7ada num discurso da I Sess\u00e3o do Conc\u00edlio Ecum\u00eanico Vaticano II, em dezembro de 1962.<\/p>\n<p style=\"text-align: justify\">Na trajet\u00f3ria hist\u00f3rica do cristianismo, poucos eventos e poucos documentos mexeram tanto com a Igreja como, respectivamente, o Conc\u00edlio Vaticano II e a Gaudium et Spes. Na mensagem do Natal que se seguiu \u00e0 sua aprova\u00e7\u00e3o, Paulo VI assim se referiu a ela: \u201cO encontro da Igreja com o mundo atual foi descrito em p\u00e1ginas admir\u00e1veis na \u00faltima Constitui\u00e7\u00e3o do Conc\u00edlio. Toda pessoa inteligente, toda alma honrada deve conhecer essas p\u00e1ginas. Elas levam, sim, de novo a Igreja ao meio da vida contempor\u00e2nea, mas n\u00e3o para dominar a sociedade, nem para dificultar o aut\u00f4nomo e honesto desenvolvimento de sua atividade, mas para ilumina-la, sustenta-la e consola-la. Essas p\u00e1ginas, assim o pensamos, assinalam o ponto de encontro entre Cristo e o homem moderno e constituem a mensagem de Natal deste ano de gra\u00e7a ao mundo contempor\u00e2neo\u201d.<\/p>\n<p style=\"text-align: justify\">Uma releitura atenta da Gaudium et Spes, no contexto da sociedade atual, pode significar uma grata surpresa, em tr\u00eas dimens\u00f5es: primeiro, embora publicada h\u00e1 mais de 40 anos, ela continua trazendo elementos preciosos para entender as transforma\u00e7\u00f5es por que passa a sociedade moderna; depois, devido justamente a esse diagn\u00f3stico v\u00e1lido ainda para muitos problemas que estamos atravessando, ela fornece pistas para uma a\u00e7\u00e3o eficaz, seja do ponto de vista pastoral, seja do ponto de vista social e pol\u00edtico; por fim, em conjunto com os demais documentos do Conc\u00edlio Vaticano II, ela representa uma inflex\u00e3o decisiva quanto \u00e0 postura da Igreja diante dos principais desafios da modernidade.<\/p>\n<h3 style=\"text-align: justify\"><a href=\"http:\/\/cnbbjoomla.sitesparresia.com\/wp-content\/uploads\/sites\/85\/2008\/08\/files_48651b082a014.pdf\" target=\"_blank\" rel=\"noopener\">Leia a \u00edntegra do documento.<\/a><\/h3>\n","protected":false},"excerpt":{"rendered":"<p>Em dezembro de 2005 a Igreja celebrou o 40\u00ba anivers\u00e1rio da promulga\u00e7\u00e3o solene, pelo Papa Paulo VI, da Constitui\u00e7\u00e3o pastoral sobre a Igreja no mundo de hoje \u2013<\/p>\n","protected":false},"author":83,"featured_media":0,"comment_status":"open","ping_status":"open","sticky":false,"template":"","format":"standard","meta":{"site-sidebar-layout":"default","site-content-layout":"default","ast-global-header-display":"","ast-banner-title-visibility":"","ast-main-header-display":"","ast-hfb-above-header-display":"","ast-hfb-below-header-display":"","ast-hfb-mobile-header-display":"","site-post-title":"","ast-breadcrumbs-content":"","ast-featured-img":"","footer-sml-layout":"","theme-transparent-header-meta":"","adv-header-id-meta":"","stick-header-meta":"","header-above-stick-meta":"","header-main-stick-meta":"","header-below-stick-meta":""},"categories":[758],"tags":[],"acf":[],"_links":{"self":[{"href":"https:\/\/www.cnbb.org.br\/cnbb-app\/wp\/v2\/posts\/10713"}],"collection":[{"href":"https:\/\/www.cnbb.org.br\/cnbb-app\/wp\/v2\/posts"}],"about":[{"href":"https:\/\/www.cnbb.org.br\/cnbb-app\/wp\/v2\/types\/post"}],"author":[{"embeddable":true,"href":"https:\/\/www.cnbb.org.br\/cnbb-app\/wp\/v2\/users\/83"}],"replies":[{"embeddable":true,"href":"https:\/\/www.cnbb.org.br\/cnbb-app\/wp\/v2\/comments?post=10713"}],"version-history":[{"count":0,"href":"https:\/\/www.cnbb.org.br\/cnbb-app\/wp\/v2\/posts\/10713\/revisions"}],"wp:attachment":[{"href":"https:\/\/www.cnbb.org.br\/cnbb-app\/wp\/v2\/media?parent=10713"}],"wp:term":[{"taxonomy":"category","embeddable":true,"href":"https:\/\/www.cnbb.org.br\/cnbb-app\/wp\/v2\/categories?post=10713"},{"taxonomy":"post_tag","embeddable":true,"href":"https:\/\/www.cnbb.org.br\/cnbb-app\/wp\/v2\/tags?post=10713"}],"curies":[{"name":"wp","href":"https:\/\/api.w.org\/{rel}","templated":true}]}}