{"id":10745,"date":"2009-01-01T00:00:00","date_gmt":"2009-01-01T02:00:00","guid":{"rendered":"https:\/\/www.cnbb.org.br\/sao-joao-da-cruz-e-os-islam\/"},"modified":"2009-01-01T00:00:00","modified_gmt":"2009-01-01T02:00:00","slug":"sao-joao-da-cruz-e-os-islam","status":"publish","type":"post","link":"https:\/\/www.cnbb.org.br\/sao-joao-da-cruz-e-os-islam\/","title":{"rendered":"S\u00e3o Jo\u00e3o da Cruz e os Islam"},"content":{"rendered":"<p style=\"text-align: justify\">O que Jo\u00e3o da Cruz teria em comum com os m\u00edsticos mu\u00e7ulmanos? Em qu\u00ea aspectos Jalal ud-Din Rumi e Al-Hallaj se aproximam do famoso contemplativo carmelita?<\/p>\n<p>  <!--more-->  <\/p>\n<p style=\"text-align: justify\">Em nosso artigo, lan\u00e7amos algumas pontes de di\u00e1logo inter-religioso, pela via da experi\u00eancia m\u00edstica crist\u00e3 e sufi. Partimos do itiner\u00e1rio vivido por Jo\u00e3o da Cruz e a espiritualidade do Carmelo \u2013 reformado por ele e Teresa de \u00c1vila. Depois, apresentamos brevemente a convers\u00e3o de Muhammad (Maom\u00e9) e os in\u00edcios da m\u00edstica mu\u00e7ulmana, chamada sufi. Localizamos elementos se aproxima\u00e7\u00e3o entre Jo\u00e3o da Cruz e a experi\u00eancia sufi, destacando a uni\u00e3o com Deus e o respeito pelo Absoluto. Temos viva esperan\u00e7a de que o conhecimento desses m\u00edsticos favorecer\u00e1 nosso amadurecimento espiritual, enquanto crist\u00e3os, e abrir\u00e1 portas para o di\u00e1logo entre o Cristianismo e o Islam.<\/p>\n<h4 style=\"text-align: justify\">1. Jo\u00e3o da Cruz e o Carmelo<\/h4>\n<p style=\"text-align: justify\">Para abordar a experi\u00eancia m\u00edstica de Jo\u00e3o da Cruz faz-se mister uma cronologia de sua vida, ainda que sucinta. Sua vida foi breve, sem fatos ins\u00f3litos ou curiosos. \u00c9 no<br \/>curso do cotidiano \u2013 no sofrimento em sil\u00eancio, nas feridas abertas pela incompreens\u00e3o, nas esperan\u00e7as reavivadas \u2013 que floresce a santidade deste primeiro carmelita descal\u00e7o, muito severo consigo mesmo, mas paciente e terno com todos os que o circundam.<\/p>\n<p style=\"text-align: justify\">O pequeno Jo\u00e3o nasce aproximadamente em 1542, em Fontiveros (\u00c1vila), marcado pela pobreza que acompanhar\u00e1 tamb\u00e9m o seu futuro. Terceiro filho de uma fam\u00edlia de tecel\u00f5es, ele sofreu pen\u00farias ap\u00f3s a morte de seu pai, Gon\u00e7alo de Yepes, e um de seus irm\u00e3os. O sustento dos pequenos Francisco e Jo\u00e3o passou a depender exclusivamente da m\u00e3e, Catarina \u00c1lvarez, vi\u00fava e pobre.<\/p>\n<p style=\"text-align: justify\"><a href=\"http:\/\/cnbbjoomla.sitesparresia.com\/wp-content\/uploads\/sites\/85\/2009\/01\/files_48a33395d51c8.pdf\" target=\"_blank\" rel=\"noopener\">Leia o documento na \u00edntegra.<\/a><\/p>\n","protected":false},"excerpt":{"rendered":"<p>O que Jo\u00e3o da Cruz teria em comum com os m\u00edsticos mu\u00e7ulmanos? Em qu\u00ea aspectos Jalal ud-Din Rumi e Al-Hallaj se aproximam do famoso contemplativo carmelita?<\/p>\n","protected":false},"author":83,"featured_media":0,"comment_status":"open","ping_status":"open","sticky":false,"template":"","format":"standard","meta":{"site-sidebar-layout":"default","site-content-layout":"default","ast-global-header-display":"","ast-banner-title-visibility":"","ast-main-header-display":"","ast-hfb-above-header-display":"","ast-hfb-below-header-display":"","ast-hfb-mobile-header-display":"","site-post-title":"","ast-breadcrumbs-content":"","ast-featured-img":"","footer-sml-layout":"","theme-transparent-header-meta":"","adv-header-id-meta":"","stick-header-meta":"","header-above-stick-meta":"","header-main-stick-meta":"","header-below-stick-meta":""},"categories":[758],"tags":[],"acf":[],"_links":{"self":[{"href":"https:\/\/www.cnbb.org.br\/cnbb-app\/wp\/v2\/posts\/10745"}],"collection":[{"href":"https:\/\/www.cnbb.org.br\/cnbb-app\/wp\/v2\/posts"}],"about":[{"href":"https:\/\/www.cnbb.org.br\/cnbb-app\/wp\/v2\/types\/post"}],"author":[{"embeddable":true,"href":"https:\/\/www.cnbb.org.br\/cnbb-app\/wp\/v2\/users\/83"}],"replies":[{"embeddable":true,"href":"https:\/\/www.cnbb.org.br\/cnbb-app\/wp\/v2\/comments?post=10745"}],"version-history":[{"count":0,"href":"https:\/\/www.cnbb.org.br\/cnbb-app\/wp\/v2\/posts\/10745\/revisions"}],"wp:attachment":[{"href":"https:\/\/www.cnbb.org.br\/cnbb-app\/wp\/v2\/media?parent=10745"}],"wp:term":[{"taxonomy":"category","embeddable":true,"href":"https:\/\/www.cnbb.org.br\/cnbb-app\/wp\/v2\/categories?post=10745"},{"taxonomy":"post_tag","embeddable":true,"href":"https:\/\/www.cnbb.org.br\/cnbb-app\/wp\/v2\/tags?post=10745"}],"curies":[{"name":"wp","href":"https:\/\/api.w.org\/{rel}","templated":true}]}}