{"id":10763,"date":"2009-12-11T00:00:00","date_gmt":"2009-12-11T02:00:00","guid":{"rendered":"https:\/\/www.cnbb.org.br\/aposentados-pedem-apoio-da-cnbb\/"},"modified":"2009-12-11T00:00:00","modified_gmt":"2009-12-11T02:00:00","slug":"aposentados-pedem-apoio-da-cnbb","status":"publish","type":"post","link":"https:\/\/www.cnbb.org.br\/aposentados-pedem-apoio-da-cnbb\/","title":{"rendered":"Aposentados pedem apoio da CNBB"},"content":{"rendered":"<p style=\"text-align: justify\">A Confedera\u00e7\u00e3o Brasileira de Aposentados e Pensionistas (Cobap) quer o apoio da CNBB para a aprova\u00e7\u00e3o do Projeto de Lei 001\/07 que prop\u00f5e o   <!--more-->  reajuste para os aposentados no mesmo percentual do sal\u00e1rio m\u00ednimo. O presidente da entidade, Warley Martins Gon\u00e7alves, foi recebido pelo Conselho Episcopal de Pastoral da CNBB (Consep), na quinta-feira, 10, e falou aos bispos o drama vivido pelos aposentados.<\/p>\n<p style=\"text-align: justify\">\u201cComo estamos indo, os aposentados n\u00e3o ter\u00e3o condi\u00e7\u00f5es de comprar rem\u00e9dio. Fazemos um apelo a todos os bispos que ajudem os aposentados. N\u00e3o \u00e9 justo estamos nesta situa\u00e7\u00e3o. Os deputados n\u00e3o colocam em pauta o projeto de interesse dos aposentados\u201d, disse.<\/p>\n<p style=\"text-align: justify\">Os aposentados querem tamb\u00e9m a aprova\u00e7\u00e3o do PL 4437\/07, que trata da reposi\u00e7\u00e3o da perda salarial dos aposentados. Segundo Gon\u00e7alves, a perda chega a 67%. Outra reivindica\u00e7\u00e3o da Cobap \u00e9 o fim do fator previdenci\u00e1rio.<\/p>\n<p style=\"text-align: justify\">O presidente da CNBB, dom Geraldo Lyrio Rocha, disse que a CNBB \u00e9 sens\u00edvel \u00e0s reivindica\u00e7\u00f5es dos aposentados. Foi nomeada uma comiss\u00e3o para aprofundar a quest\u00e3o e definir o tipo de apoio que a CNBB dar\u00e1 aos aposentados.<\/p>\n<p style=\"text-align: justify\">No dia 24 de janeiro, os aposentados far\u00e3o uma romaria ao Santu\u00e1rio de Aparecida j\u00e1 contando com o apoio da CNBB. Uma grande mobiliza\u00e7\u00e3o est\u00e1 agendada para o dia 2 de fevereiro, na Esplanada dos Minist\u00e9rios. A CNBB discutir\u00e1 como poder\u00e1 participar do ato.<\/p>\n","protected":false},"excerpt":{"rendered":"<p>A Confedera\u00e7\u00e3o Brasileira de Aposentados e Pensionistas (Cobap) quer o apoio da CNBB para a aprova\u00e7\u00e3o do Projeto de Lei 001\/07 que prop\u00f5e o<\/p>\n","protected":false},"author":83,"featured_media":0,"comment_status":"open","ping_status":"open","sticky":false,"template":"","format":"standard","meta":{"site-sidebar-layout":"default","site-content-layout":"default","ast-global-header-display":"","ast-banner-title-visibility":"","ast-main-header-display":"","ast-hfb-above-header-display":"","ast-hfb-below-header-display":"","ast-hfb-mobile-header-display":"","site-post-title":"","ast-breadcrumbs-content":"","ast-featured-img":"","footer-sml-layout":"","theme-transparent-header-meta":"","adv-header-id-meta":"","stick-header-meta":"","header-above-stick-meta":"","header-main-stick-meta":"","header-below-stick-meta":""},"categories":[758],"tags":[],"acf":[],"_links":{"self":[{"href":"https:\/\/www.cnbb.org.br\/cnbb-app\/wp\/v2\/posts\/10763"}],"collection":[{"href":"https:\/\/www.cnbb.org.br\/cnbb-app\/wp\/v2\/posts"}],"about":[{"href":"https:\/\/www.cnbb.org.br\/cnbb-app\/wp\/v2\/types\/post"}],"author":[{"embeddable":true,"href":"https:\/\/www.cnbb.org.br\/cnbb-app\/wp\/v2\/users\/83"}],"replies":[{"embeddable":true,"href":"https:\/\/www.cnbb.org.br\/cnbb-app\/wp\/v2\/comments?post=10763"}],"version-history":[{"count":0,"href":"https:\/\/www.cnbb.org.br\/cnbb-app\/wp\/v2\/posts\/10763\/revisions"}],"wp:attachment":[{"href":"https:\/\/www.cnbb.org.br\/cnbb-app\/wp\/v2\/media?parent=10763"}],"wp:term":[{"taxonomy":"category","embeddable":true,"href":"https:\/\/www.cnbb.org.br\/cnbb-app\/wp\/v2\/categories?post=10763"},{"taxonomy":"post_tag","embeddable":true,"href":"https:\/\/www.cnbb.org.br\/cnbb-app\/wp\/v2\/tags?post=10763"}],"curies":[{"name":"wp","href":"https:\/\/api.w.org\/{rel}","templated":true}]}}