{"id":10790,"date":"2009-10-13T00:00:00","date_gmt":"2009-10-13T03:00:00","guid":{"rendered":"https:\/\/www.cnbb.org.br\/semana-nacional-pela-vida\/"},"modified":"2009-10-13T00:00:00","modified_gmt":"2009-10-13T03:00:00","slug":"semana-nacional-pela-vida","status":"publish","type":"post","link":"https:\/\/www.cnbb.org.br\/semana-nacional-pela-vida\/","title":{"rendered":"Semana nacional pela vida"},"content":{"rendered":"<p style=\"text-align: justify\">Na primeira semana de outubro, h\u00e1 v\u00e1rios anos, realiza-se em todo o Brasil a Semana Nacional pela   <!--more-->  Vida, com o objetivo de promover a maior valoriza\u00e7\u00e3o da vida humana, desde seu in\u00edcio, na concep\u00e7\u00e3o, at\u00e9 \u00e0 morte natural. A comemora\u00e7\u00e3o se encerra com o \u201cDia do Nascituro\u201d, 8 de outubro, chamando a aten\u00e7\u00e3o para aqueles seres humanos que j\u00e1 existem, mas ainda n\u00e3o nasceram. Cada crian\u00e7a que vem ao mundo \u00e9 promessa de renova\u00e7\u00e3o da humanidade e esperan\u00e7a de um futuro novo. As mulheres que acolhem com generosidade a maternidade e geram novas vidas para a pequena e a grande fam\u00edlia humana merecem nosso respeito e apoio.<\/p>\n<p style=\"text-align: justify\">\u00c9 preocupante como a percep\u00e7\u00e3o do valor da vida humana vai sendo perdida; os fatos de viol\u00eancia contra a pessoa e, muitas vezes, contra sua vida, difundidos diariamente pela m\u00eddia, acabam se tornando parte da inevit\u00e1vel e banal ordem do dia e j\u00e1 n\u00e3o suscitam mais horror e indigna\u00e7\u00e3o \u00e9tica; mal ca\u00edmos na conta de que a pr\u00f3xima v\u00edtima poderemos ser n\u00f3s mesmos, ou algu\u00e9m de nossos familiares ou amigos. Nem se trata da falta de leis ou de mecanismos para punir tais crimes, mas de uma verdadeira insensibilidade diante do desrespeito \u00e0 vida humana. J\u00e1 o papa Paulo VI alertava contra os riscos de certa \u201ccultura da morte\u201d, que vai sendo aceita.<\/p>\n<p style=\"text-align: justify\">Diante disso, a Igreja anuncia ao mundo \u201cevangelho da vida\u201d, destacando que esta \u00e9 um dom precioso e \u00fanico de Deus e, por isso mesmo, deve ser acolhida com gratid\u00e3o e respeito. Por outro lado, a Igreja afirma que a ningu\u00e9m \u00e9 consentido apossar-se da vida do pr\u00f3ximo. O ser humano nunca pode ser reduzido a um \u201cobjeto\u201d, nem ser entregue ao arb\u00edtrio de quem quer que seja, porque possui uma dignidade origin\u00e1ria, que o faz merecedor do mais absoluto respeito. Como conseq\u00fc\u00eancia disso, ningu\u00e9m est\u00e1 autorizado a tirar a vida do pr\u00f3ximo. Mesmo incompreendida e criticada, a Igreja continua a lembrar o preceito da Lei de Deus &#8211; \u201cn\u00e3o matar\u00e1s\u201d -, n\u00e3o importando que se trate de pessoa adulta, crian\u00e7a, doente, ou de um feto ou beb\u00ea que est\u00e1 por nascer. A vida do ser humano precisa ser sempre respeitada. Viver \u00e9 bom e a vida \u00e9 bela; matar, ou fazer viol\u00eancia a algu\u00e9m n\u00e3o \u00e9 nem belo, nem bom. A prote\u00e7\u00e3o da vida de todo ser humano, mediante leis eficazes, \u00e9 um direito dos cidad\u00e3os e um dever do Estado.<\/p>\n<p style=\"text-align: justify\">Na sua recente enc\u00edclica social, Caritas in veritate, o papa Bento XVI refere-se \u00e0 valoriza\u00e7\u00e3o da vida humana no contexto do desenvolvimento econ\u00f4mico e social da era globalizada: s\u00f3 pode ser considerado verdadeiro desenvolvimento aquele que respeita plenamente a vida humana e a fam\u00edlia, enquanto ambiente necess\u00e1rio \u00e0 dignidade da vida. De fato, no mundo globalizado verifica-se o reaparecimento de velhas mazelas, que pareciam superadas, como o tr\u00e1fico de pessoas, a prostitui\u00e7\u00e3o explorada por poderosas redes internacionais interessadas no ganho econ\u00f4mico, mesmo \u00e0s custas da redu\u00e7\u00e3o de pessoas \u00e0 escravid\u00e3o. Refere-se o pont\u00edfice a queda preocupante da natalidade em v\u00e1rios pa\u00edses, consequ\u00eancia de maci\u00e7as campanhas anti-natalistas e de pol\u00edticas econ\u00f4micas orientadas pelo desprezo \u00e0 vida humana; \u00e9 um erro, diz o papa, considerar como primeira causa do subdesenvolvimento, o aumento da popula\u00e7\u00e3o de um pa\u00eds; as pessoas s\u00e3o a maior riqueza de uma na\u00e7\u00e3o; e os pobres n\u00e3o devem ser considerados como um peso ou empecilho para o desenvolvimento.<\/p>\n<p style=\"text-align: justify\">\u201cA abertura moralmente respons\u00e1vel \u00e0 vida \u00e9 uma riqueza social e econ\u00f4mica\u201d, afirma Bento XVI (n. 44). Uma popula\u00e7\u00e3o expressiva e capacitada por educa\u00e7\u00e3o e instru\u00e7\u00e3o eficazes \u00e9 fator de desenvolvimento; enquanto a redu\u00e7\u00e3o for\u00e7ada nos nascimentos pode, num primeiro momento, ter como consequ\u00eancia uma concentra\u00e7\u00e3o da riqueza em menor n\u00famero de m\u00e3os e uma melhora moment\u00e2nea no bem-estar; mas a m\u00e9dio prazo traz problemas s\u00e9rios para dispor de trabalhadores qualificados e para manter os sistemas de assist\u00eancia social. \u00c9 bem isso que se est\u00e1 verificando em v\u00e1rios pa\u00edses do hemisf\u00e9rio norte que, para solucionar o problema, incentivam a imigra\u00e7\u00e3o de pessoal j\u00e1 qualificado, atra\u00eddo de outros pa\u00edses, ou passaram a adotar pol\u00edticas de incentivo \u00e0 natalidade.<\/p>\n<p style=\"text-align: justify\">No Brasil, tudo indica que ainda estamos na tend\u00eancia inversa, isto \u00e9, de redu\u00e7\u00e3o dr\u00e1stica da natalidade, mesmo mediante pol\u00edticas p\u00fablicas. At\u00e9 quando? Por esta mesma tend\u00eancia tamb\u00e9m parecem estar orientadas certas propostas de legaliza\u00e7\u00e3o da eutan\u00e1sia e do aborto, como m\u00e9todos de controle populacional. Al\u00e9m de serem contr\u00e1rias \u00e0 moral, essas propostas n\u00e3o levam em conta a experi\u00eancia j\u00e1 feita por outros pa\u00edses.<\/p>\n<p style=\"text-align: justify\">Na redu\u00e7\u00e3o for\u00e7ada da natalidade, acompanhada com frequ\u00eancia pelo desprezo ao casamento e \u00e0 forma\u00e7\u00e3o de fam\u00edlias est\u00e1veis, o papa entrev\u00ea \u201csintomas de escassa confian\u00e7a no futuro e de cansa\u00e7o moral\u201d; este \u201ccansa\u00e7o\u201d revela-se na busca\u00a0 exagerada do bem-estar individual e na fuga de tudo o que possa representar sacrif\u00edcio e altru\u00edsmo. O rem\u00e9dio s\u00f3 pode ser a proposta, \u00e0s novas gera\u00e7\u00f5es, da beleza da fam\u00edlia e do matrim\u00f4nio; na fam\u00edlia aprende-se a amar, a respeitar e favorecer a dignidade dos demais a cultivar o di\u00e1logo, a disponibilidade desinteressada, o servi\u00e7o generoso e a solidariedade profunda para com os outros. Al\u00e9m de ser isso adequado \u00e0s exig\u00eancias mais profundas do cora\u00e7\u00e3o humano e da dignidade da pessoa, isso tamb\u00e9m vai ao encontro das necessidades sociais e mesmo econ\u00f4micas.<\/p>\n<p style=\"text-align: justify\">A semana nacional pela vida e o dia do nascituro querem ajudar a manter despertada a consci\u00eancia do povo brasileiro em rela\u00e7\u00e3o ao cuidado com a pessoa humana e, sobretudo, de sua vida, que tamb\u00e9m \u00e9 seu maior bem.<\/p>\n","protected":false},"excerpt":{"rendered":"<p>Na primeira semana de outubro, h\u00e1 v\u00e1rios anos, realiza-se em todo o Brasil a Semana Nacional pela<\/p>\n","protected":false},"author":83,"featured_media":0,"comment_status":"open","ping_status":"open","sticky":false,"template":"","format":"standard","meta":{"site-sidebar-layout":"default","site-content-layout":"default","ast-global-header-display":"","ast-banner-title-visibility":"","ast-main-header-display":"","ast-hfb-above-header-display":"","ast-hfb-below-header-display":"","ast-hfb-mobile-header-display":"","site-post-title":"","ast-breadcrumbs-content":"","ast-featured-img":"","footer-sml-layout":"","theme-transparent-header-meta":"","adv-header-id-meta":"","stick-header-meta":"","header-above-stick-meta":"","header-main-stick-meta":"","header-below-stick-meta":""},"categories":[758],"tags":[],"acf":[],"_links":{"self":[{"href":"https:\/\/www.cnbb.org.br\/cnbb-app\/wp\/v2\/posts\/10790"}],"collection":[{"href":"https:\/\/www.cnbb.org.br\/cnbb-app\/wp\/v2\/posts"}],"about":[{"href":"https:\/\/www.cnbb.org.br\/cnbb-app\/wp\/v2\/types\/post"}],"author":[{"embeddable":true,"href":"https:\/\/www.cnbb.org.br\/cnbb-app\/wp\/v2\/users\/83"}],"replies":[{"embeddable":true,"href":"https:\/\/www.cnbb.org.br\/cnbb-app\/wp\/v2\/comments?post=10790"}],"version-history":[{"count":0,"href":"https:\/\/www.cnbb.org.br\/cnbb-app\/wp\/v2\/posts\/10790\/revisions"}],"wp:attachment":[{"href":"https:\/\/www.cnbb.org.br\/cnbb-app\/wp\/v2\/media?parent=10790"}],"wp:term":[{"taxonomy":"category","embeddable":true,"href":"https:\/\/www.cnbb.org.br\/cnbb-app\/wp\/v2\/categories?post=10790"},{"taxonomy":"post_tag","embeddable":true,"href":"https:\/\/www.cnbb.org.br\/cnbb-app\/wp\/v2\/tags?post=10790"}],"curies":[{"name":"wp","href":"https:\/\/api.w.org\/{rel}","templated":true}]}}