{"id":10799,"date":"2009-06-12T00:00:00","date_gmt":"2009-06-12T03:00:00","guid":{"rendered":"https:\/\/www.cnbb.org.br\/o-misterio-do-nosso-deus-algo-mais-que-ideias-genericas\/"},"modified":"2009-06-12T00:00:00","modified_gmt":"2009-06-12T03:00:00","slug":"o-misterio-do-nosso-deus-algo-mais-que-ideias-genericas","status":"publish","type":"post","link":"https:\/\/www.cnbb.org.br\/o-misterio-do-nosso-deus-algo-mais-que-ideias-genericas\/","title":{"rendered":"O mist\u00e9rio do nosso Deus: Algo mais que id\u00e9ias gen\u00e9ricas"},"content":{"rendered":"<p style=\"text-align: justify\">Nas celebra\u00e7\u00f5es lit\u00fargicas da Igreja entramos, agora, no tempo comum. No Advento e no Natal   <!--more-->  celebramos os Mist\u00e9rios da vinda do Filho de Deus ao mundo, na nossa carne, e da inf\u00e2ncia de Jesus; na Quaresma e no tempo pascal tivemos as aten\u00e7\u00f5es voltadas para a celebra\u00e7\u00e3o dos Mist\u00e9rios da paix\u00e3o, morte e ressurrei\u00e7\u00e3o de Jesus; em Pentecostes, vivemos na Liturgia o envio do Esp\u00edrito Santo sobre os ap\u00f3stolos e a Igreja, para que ela fosse capaz de cumprir a miss\u00e3o recebida de Jesus. Falo de \u201cMist\u00e9rios\u201d, pois assim a Igreja gosta de chamar as realidades sublimes e infinitamente ricas de significado que ela celebra na Liturgia ao longo do ano; n\u00e3o s\u00e3o realidades incompreens\u00edveis, mas s\u00e3o maiores do que n\u00f3s; delas nunca falaremos tudo nem o bastante. Ao longo do ano lit\u00fargico somos introduzidos, passo a passo, nos Mist\u00e9rios da nossa salva\u00e7\u00e3o, obras e realidades de Deus, nas quais, pela nossa f\u00e9 e na celebra\u00e7\u00e3o lit\u00fargica, n\u00f3s tamb\u00e9m participamos e somos beneficiados. No domingo passado, dia 7 de junho, a Igreja colocou-se, extasiada e numa grande contempla\u00e7\u00e3o, diante do Mist\u00e9rio do nosso Deus. Quem \u00e9 o Deus em quem n\u00f3s cremos e ao qual atribu\u00edmos as maravilhas da cria\u00e7\u00e3o e da reden\u00e7\u00e3o? Como a Igreja explicitou sua f\u00e9 no Deus \u00fanico, que n\u00e3o cessa de dar vida e sustento \u00e0s suas criaturas e, ao mesmo tempo, nos chama a viver para sempre em sua companhia? Muito poderia ser dito sobre este assunto e n\u00e3o posso deixar de recomendar, a esse respeito, a leitura do Catecismo da Igreja Cat\u00f3lica, na primeira parte sobre nosso \u201cCreio\u201d (par\u00e1grafos 199 a\u00a0 327). De fato, n\u00e3o basta ter uma id\u00e9ia gen\u00e9rica de Deus, nem ficar com um simples \u201ceu acho\u201d&#8230; Os crist\u00e3os s\u00e3o convidados a se colocarem diante do Mist\u00e9rio Santo, assim como Ele se manifestou ao mundo. Sem d\u00favida, todos podem \u201cachar\u201d algo sobre Deus, mas os crist\u00e3os t\u00eam uma maneira muito pr\u00f3pria de falar de Deus, transmitida pela Igreja, conforme ela mesma aprendeu de Jesus e dos ap\u00f3stolos. De um \u201ceu acho\u201d, n\u00f3s passamos a um \u201ceu creio\u201d; e n\u00e3o o fazemos apenas de maneira individual, mas junto com a inteira comunidade de f\u00e9, aquela que vive agora e aquela que j\u00e1 nos precedeu na mesma profiss\u00e3o de f\u00e9. Como n\u00f3s cremos em Deus, assim tamb\u00e9m creram os ap\u00f3stolos, os grandes mestres e doutores da transmiss\u00e3o da f\u00e9, os santos e os m\u00e1rtires, os grandes m\u00edsticos e pregadores, os mission\u00e1rios e os pastores da Igreja. Cremos com o nosso p\u00e1roco, com nosso bispo e com o papa. N\u00e3o estamos sozinhos, mas em boa companhia! O Mist\u00e9rio do nosso Deus \u00e9 por n\u00f3s conhecido como Pai, Filho e Esp\u00edrito Santo; \u00e9 a Trindade Sant\u00edssima, um \u00fanico Deus, mas em tr\u00eas pessoas distintas; a mesma natureza e dignidade divinas, mas com a\u00e7\u00f5es diferentes, realizadas na cria\u00e7\u00e3o e na obra da salva\u00e7\u00e3o. N\u00e3o cremos em tr\u00eas deuses, mas num \u00fanico Deus; assim Ele se manifestou e assim aprendemos, especialmente de Jesus. S\u00e3o Jo\u00e3o, no pr\u00f3logo do 4\u00b0 Evangelho, observa bem: \u201cningu\u00e9m jamais viu a Deus\u201d, a n\u00e3o ser o Filho \u00fanico de Deus, que veio de junto de Deus para o nosso meio: \u201cEle n\u00f4-lo deu a conhecer\u201d (cf Jo 1, 18). De fato, \u00e9 o Filho de Deus que nos revelou Deus, verdadeiramente; e tamb\u00e9m nos disse como Deus age em rela\u00e7\u00e3o a n\u00f3s, o que deseja de n\u00f3s e para nosso futuro. Na celebra\u00e7\u00e3o da Sant\u00edssima Trindade, a Liturgia da Igreja condensa em algumas express\u00f5es preciosas a sua f\u00e9 em Deus; destaco algumas qualidades essenciais de Deus, que aparecem nas leituras da S.Escritura desse Domingo. Nosso Deus manifestou-se, n\u00e3o permaneceu inating\u00edvel ao homem; agiu e age, de muitas maneiras, portanto, n\u00e3o \u00e9 um Deus \u201cim\u00f3vel\u201d e inoperante; \u00e9 um Deus que vem em socorro do homem e n\u00e3o permanece indiferente diante dos seus sofrimentos e ang\u00fastias; \u00b4n\u00e3o \u00e9 tamb\u00e9m um Deus mec\u00e2nico, quase como uma m\u00e1quina que age automaticamente, mas tem cora\u00e7\u00e3o e ama, \u00e9 vivo e faz viver, comunicando dinamismo e vida \u00e0s suas criaturas; \u00e9 um Deus presente e manifesta seus caminhos e seu des\u00edgnio ao homem, n\u00e3o abandonando a criatura \u00e0 pr\u00f3pria sorte. Tudo isso lemos na 1\u00aa. leitura, do livro do Deuteron\u00f4mio (4, 32-40), e faz o autor exclamar: quem jamais viu algo assim? Quem podia imaginar um Deus t\u00e3o grande e poderoso que, ao mesmo tempo, est\u00e1 t\u00e3o pr\u00f3ximo de n\u00f3s?! E faz tamb\u00e9m o povo de Deus exclamar: nada disso fazem os \u00eddolos feitos pela m\u00e3o do homem: t\u00eam boca mas n\u00e3o falam; t\u00eam olhos mas n\u00e3o v\u00eaem; t\u00eam ouvidos mas n\u00e3o ouvem&#8230; N\u00e3o s\u00e3o deuses, s\u00e3o apenas obra do pr\u00f3prio homem!\u00a0 Na segunda leitura, da Carta aos Romanos (8,14-17), S\u00e3o Paulo traz outros elementos preciosos para a compreens\u00e3o crist\u00e3 de Deus. A Trindade Santa nos envolve de carinho e nos faz viver rela\u00e7\u00f5es familiares com Deus. O Filho de Deus veio ao mundo para irm\u00e3o de cada ser humano, para fazer de n\u00f3s filhos e filhas de Deus! \u201cFilhos no Filho\u201d, dir\u00e1 ainda S\u00e3o Paulo. E recebemos o Esp\u00edrito Santo, para termos desde agora a capacidade de viver como filhos de Deus; podemos, assim, chamar Deus de \u201cabb\u00e1\u201d \u2013 papai! E somos tamb\u00e9m destinados a sermos herdeiros de Deus, co-herdeiros com Cristo, \u201cna casa do Pai\u201d. Nossa f\u00e9 em Deus, portanto, vai bem al\u00e9m de algumas id\u00e9ias gen\u00e9ricas. E como \u00e9 bonita e envolvente! Bendito seja Deus, Pai, Filho e Esp\u00edrito Santo!<\/p>\n","protected":false},"excerpt":{"rendered":"<p>Nas celebra\u00e7\u00f5es lit\u00fargicas da Igreja entramos, agora, no tempo comum. No Advento e no Natal<\/p>\n","protected":false},"author":83,"featured_media":0,"comment_status":"open","ping_status":"open","sticky":false,"template":"","format":"standard","meta":{"site-sidebar-layout":"default","site-content-layout":"default","ast-global-header-display":"","ast-banner-title-visibility":"","ast-main-header-display":"","ast-hfb-above-header-display":"","ast-hfb-below-header-display":"","ast-hfb-mobile-header-display":"","site-post-title":"","ast-breadcrumbs-content":"","ast-featured-img":"","footer-sml-layout":"","theme-transparent-header-meta":"","adv-header-id-meta":"","stick-header-meta":"","header-above-stick-meta":"","header-main-stick-meta":"","header-below-stick-meta":""},"categories":[758],"tags":[],"acf":[],"_links":{"self":[{"href":"https:\/\/www.cnbb.org.br\/cnbb-app\/wp\/v2\/posts\/10799"}],"collection":[{"href":"https:\/\/www.cnbb.org.br\/cnbb-app\/wp\/v2\/posts"}],"about":[{"href":"https:\/\/www.cnbb.org.br\/cnbb-app\/wp\/v2\/types\/post"}],"author":[{"embeddable":true,"href":"https:\/\/www.cnbb.org.br\/cnbb-app\/wp\/v2\/users\/83"}],"replies":[{"embeddable":true,"href":"https:\/\/www.cnbb.org.br\/cnbb-app\/wp\/v2\/comments?post=10799"}],"version-history":[{"count":0,"href":"https:\/\/www.cnbb.org.br\/cnbb-app\/wp\/v2\/posts\/10799\/revisions"}],"wp:attachment":[{"href":"https:\/\/www.cnbb.org.br\/cnbb-app\/wp\/v2\/media?parent=10799"}],"wp:term":[{"taxonomy":"category","embeddable":true,"href":"https:\/\/www.cnbb.org.br\/cnbb-app\/wp\/v2\/categories?post=10799"},{"taxonomy":"post_tag","embeddable":true,"href":"https:\/\/www.cnbb.org.br\/cnbb-app\/wp\/v2\/tags?post=10799"}],"curies":[{"name":"wp","href":"https:\/\/api.w.org\/{rel}","templated":true}]}}