{"id":10825,"date":"2009-05-05T00:00:00","date_gmt":"2009-05-05T03:00:00","guid":{"rendered":"https:\/\/www.cnbb.org.br\/jesus-e-o-bom-pastor\/"},"modified":"2009-05-05T00:00:00","modified_gmt":"2009-05-05T03:00:00","slug":"jesus-e-o-bom-pastor","status":"publish","type":"post","link":"https:\/\/www.cnbb.org.br\/jesus-e-o-bom-pastor\/","title":{"rendered":"Jesus \u00e9 o bom Pastor"},"content":{"rendered":"<p style=\"text-align: justify\">Disse Jesus: \u201cEu sou o bom Pastor. O bom pastor d\u00e1 a vida pelas ovelhas\u201d (Jo\u00e3o 10,11-18). Desde o Antigo Testamento, o salmista nos acostumou a ver em Deus o bom pastor.<\/p>\n<p>  <!--more-->  <\/p>\n<p style=\"text-align: justify\">Nossas comunidades eclesiais cantam com grande ardor e confian\u00e7a o salmo 23. O Novo Testamento v\u00ea no pr\u00f3prio Filho de Deus a imagem e o prot\u00f3tipo da solicitude de Deus pela sua criatura humana.<\/p>\n<p style=\"text-align: justify\">Jesus delineia as caracter\u00edsticas do aut\u00eantico pastor e indica por qual sinal podemos reconhec\u00ea-lo: o bom pastor\u00a0 dedica-se ao seu rebanho e tem a docilidade das ovelhas. Jesus n\u00e3o nos convida a renunciar \u00e0s nossas responsabilidades mas requer confian\u00e7a plena.<\/p>\n<p style=\"text-align: justify\">\u201cEu sou o bom pastor\u201d, aquele que \u00e9 chamado a s\u00ea-lo na igreja, como o Cristo, n\u00e3o pode pleitear nem\u00a0 buscar o sucesso pessoal, como vaidade ou carreira profissional.<\/p>\n<p style=\"text-align: justify\">Cristo n\u00e3o \u00e9 cabe\u00e7a que agita as multid\u00f5es. Ele prop\u00f5e a cada um aquela intimidade \u00fanica que une o Filho de Deus ao Pai. Ele n\u00e3o exalta a consci\u00eancia do pequeno rebanho fiel que voluntariamente despreza as ovelhas doentes, ou n\u00e3o pensam nas que n\u00e3o pertencem ao pequeno rebanho. Jesus adverte: \u201cTenho ainda outras ovelhas que n\u00e3o s\u00e3o deste rebanho\u201d.<\/p>\n<p style=\"text-align: justify\">Jesus mesmo indica o sinal para reconhecer o verdadeiro pastor: o que entrega a sua vida para salvar. Cristo revela a total liberdade do Filho que somente por amor se oferece \u00e0 morte para venc\u00ea-la. A n\u00f3s que muitas vezes sofremos nosso destino e pensamos nos esquivar com golpes de sorte, Jesus quer ensinar a compreender a nossa vida, a acolher as nossas pequenas mortes quotidianas e a nossa morte final.<\/p>\n<p style=\"text-align: justify\">Jesus \u00e9 o bom pastor: somente ele, que n\u00e3o \u00e9 mercen\u00e1rio, conhece as suas ovelhas, oferece a sua vida para arrebat\u00e1-las aos lobos que tentam rapt\u00e1-las e dispers\u00e1-las. A preocupa\u00e7\u00e3o do bom pastor n\u00e3o se limita \u00e0s ovelhas que lhe est\u00e3o vizinhas; h\u00e1 outras ovelhas, afastadas e dispersas, que ele tamb\u00e9m quer reunir para fazer um s\u00f3 rebanho com um s\u00f3 pastor (10, 16).<\/p>\n<p style=\"text-align: justify\">Porque ofereceu a sua vida por todos, o bom pastor \u00e9 o \u00fanico salvador e, no seu nome somente, nos \u00e9 dada a esperan\u00e7a, ou melhor a certeza, da vit\u00f3ria sobre lobos rapaces e nos introduzir\u00e1 exultante na p\u00e1scoa eterna.<\/p>\n<p style=\"text-align: justify\">Com raz\u00e3o portanto podemos exclamar cheios de gratid\u00e3o e de alegria: \u201cVede com que amor no-lo deu o Pai\u201d (1 Jo\u00a0 3,1-2). N\u00e3o somente mandou o seu Filho para a nossa reden\u00e7\u00e3o, mas quis adotar-nos como filhos, para nos fazer participantes da gl\u00f3ria do seu unig\u00eanito. Agora, portanto, somos realmente, pelo amor misericordioso de Deus, seus filhos, mesmo que \u201cainda n\u00e3o tenha se manifestado aquilo que seremos. Sabemos por\u00e9m que no dia da manifesta\u00e7\u00e3o do Senhor, o veremos como \u00e9, no esplendor de sua gl\u00f3ria: a gl\u00f3ria que sobre a terra ele escondeu na humilha\u00e7\u00e3o do servo\u00a0 e que somente por poucos instantes revelou aos disc\u00edpulos na transfigura\u00e7\u00e3o sobre o monte Tabor. Gl\u00f3ria que hoje n\u00e3o nos \u00e9 plenamente desvelada porque n\u00e3o a poder\u00edamos sustentar.<\/p>\n<p style=\"text-align: justify\">Est\u00e1 de fato escrito: \u201colho n\u00e3o viu, nem ouvido ouviu, nem jamais entrou no cora\u00e7\u00e3o do homem, o que Deus tem preparado para aqueles que o amam\u201d (1Cor 2, 9). \u00c9 preciso que Deus nos transforme, fazendo-nos verdadeiramente \u201csemelhantes a ele\u201d, para que possamos contemplar a realidade que o cora\u00e7\u00e3o humano n\u00e3o pode nem mesmo intuir.<\/p>\n<p style=\"text-align: justify\">Este domingo dentro da P\u00e1scoa, marcado pela figura do Bom Pastor, \u00e9 dedicado em todas as dioceses do mundo como dia especial de ora\u00e7\u00f5es,\u00a0 orienta\u00e7\u00f5es e reflex\u00f5es sobre as voca\u00e7\u00f5es sacerdotais. Foi o pr\u00f3prio Senhor Jesus que afirmou: \u201cA messe \u00e9 grande, mas poucos s\u00e3o os oper\u00e1rios. Rogai ao Senhor da Messe que envie oper\u00e1rios para a sua messe\u201d. Assim, as voca\u00e7\u00f5es que se apresentam cada ano s\u00e3o respostas de Deus \u00e0s preces das fam\u00edlias, das comunidades eclesiais e dos pr\u00f3prios vocacionados suplicando o chamamento de Deus. Somente nos dez anos que estou \u00e0 frente da Arquidiocese de Salvador tive a gra\u00e7a de ordenar 54 novos sacerdotes, em cujas ordena\u00e7\u00f5es\u00a0 recordo sempre que Deus est\u00e1 ouvindo nossas ora\u00e7\u00f5es e pe\u00e7o que assim continuem.<\/p>\n<p style=\"text-align: justify\">O minist\u00e9rio sacerdotal \u00e9 participa\u00e7\u00e3o do Sacerd\u00f3cio de Cristo, o Bom Pastor. Dada a escolha do pr\u00f3prio Cristo Jesus para demonstrar o seu amor e zelo pela sua miss\u00e3o, chamou a si mesmo de Pastor. Assim toda a a\u00e7\u00e3o da igreja \u00e9 exerc\u00edcio do pastoreio.<\/p>\n","protected":false},"excerpt":{"rendered":"<p>Disse Jesus: \u201cEu sou o bom Pastor. O bom pastor d\u00e1 a vida pelas ovelhas\u201d (Jo\u00e3o 10,11-18). Desde o Antigo Testamento, o salmista nos acostumou a ver em Deus o bom pastor.<\/p>\n","protected":false},"author":83,"featured_media":0,"comment_status":"open","ping_status":"open","sticky":false,"template":"","format":"standard","meta":{"site-sidebar-layout":"default","site-content-layout":"default","ast-global-header-display":"","ast-banner-title-visibility":"","ast-main-header-display":"","ast-hfb-above-header-display":"","ast-hfb-below-header-display":"","ast-hfb-mobile-header-display":"","site-post-title":"","ast-breadcrumbs-content":"","ast-featured-img":"","footer-sml-layout":"","theme-transparent-header-meta":"","adv-header-id-meta":"","stick-header-meta":"","header-above-stick-meta":"","header-main-stick-meta":"","header-below-stick-meta":""},"categories":[758],"tags":[],"acf":[],"_links":{"self":[{"href":"https:\/\/www.cnbb.org.br\/cnbb-app\/wp\/v2\/posts\/10825"}],"collection":[{"href":"https:\/\/www.cnbb.org.br\/cnbb-app\/wp\/v2\/posts"}],"about":[{"href":"https:\/\/www.cnbb.org.br\/cnbb-app\/wp\/v2\/types\/post"}],"author":[{"embeddable":true,"href":"https:\/\/www.cnbb.org.br\/cnbb-app\/wp\/v2\/users\/83"}],"replies":[{"embeddable":true,"href":"https:\/\/www.cnbb.org.br\/cnbb-app\/wp\/v2\/comments?post=10825"}],"version-history":[{"count":0,"href":"https:\/\/www.cnbb.org.br\/cnbb-app\/wp\/v2\/posts\/10825\/revisions"}],"wp:attachment":[{"href":"https:\/\/www.cnbb.org.br\/cnbb-app\/wp\/v2\/media?parent=10825"}],"wp:term":[{"taxonomy":"category","embeddable":true,"href":"https:\/\/www.cnbb.org.br\/cnbb-app\/wp\/v2\/categories?post=10825"},{"taxonomy":"post_tag","embeddable":true,"href":"https:\/\/www.cnbb.org.br\/cnbb-app\/wp\/v2\/tags?post=10825"}],"curies":[{"name":"wp","href":"https:\/\/api.w.org\/{rel}","templated":true}]}}